{"id":10330,"date":"2018-04-29T21:00:22","date_gmt":"2018-04-29T19:00:22","guid":{"rendered":"http:\/\/www.mourioche.de\/?p=10330"},"modified":"2018-04-29T21:00:22","modified_gmt":"2018-04-29T19:00:22","slug":"nachlese-6","status":"publish","type":"post","link":"https:\/\/www.mourioche.de\/?p=10330","title":{"rendered":"Nachlese"},"content":{"rendered":"<p style=\"text-align: center;\">In den letzten Wochen hat sich einiges getan, wir waren viel unterwegs! Die letzten beiden Welpen aus unserem N-Wurf sind <a href=\"https:\/\/www.mourioche.de\/?page_id=10319\">ausgezogen<\/a> und f\u00fchlen sich in ihrer jeweiligen neuen Heimat schon sehr wohl.<\/p>\n<p style=\"text-align: center;\">Am 22.04. fand in Weeze die <a href=\"http:\/\/www.zuchtverein-berger-des-pyrenees.de\/2018\/04\/28\/xxii-regionalzuchtschau-west\/\">Regionalzuchtschau West<\/a> des Berger des Pyr\u00e9n\u00e9es Deutschland e.V. statt. Bei wunderbarem Wetter verbrachten wir einen sch\u00f6nen Tag und ich freue mich, dass auch drei Mourioches vorgestellt wurden:<\/p>\n<p style=\"text-align: center;\">Jago du Mourioche erhielt in der offenen Klasse R\u00fcden (Langhaar) ein SG3, Kili du Mourioche &#8222;Kiki&#8220; in der Zwischenklasse H\u00fcndinnen (Face Rase) ein SG2 und Karme du Mourioche &#8222;Cookie&#8220; ein der gleichen Klasse das V1. Cookie hatte dann einen Durchmarsch, sie wurde vom Richter Herr Wibier zum Besten der Rasse Face Rase (BOB) gek\u00fcrt.<\/p>\n<p style=\"text-align: center;\">Alle drei Mourioche wurden anschlie\u00dfend zur Zuchtbeschreibung vorgestellt und erhielten auch dort tolle Beurteilungen.<\/p>\n<p style=\"text-align: center;\"><a href=\"https:\/\/www.mourioche.de\/wpmourio\/wp-content\/uploads\/2018\/04\/image3.jpeg\"><img loading=\"lazy\" decoding=\"async\" class=\"alignnone size-medium wp-image-10331\" src=\"https:\/\/www.mourioche.de\/wpmourio\/wp-content\/uploads\/2018\/04\/image3-300x200.jpeg\" alt=\"\" width=\"300\" height=\"200\" srcset=\"https:\/\/www.mourioche.de\/wpmourio\/wp-content\/uploads\/2018\/04\/image3-300x200.jpeg 300w, https:\/\/www.mourioche.de\/wpmourio\/wp-content\/uploads\/2018\/04\/image3-768x512.jpeg 768w, https:\/\/www.mourioche.de\/wpmourio\/wp-content\/uploads\/2018\/04\/image3-1024x683.jpeg 1024w, https:\/\/www.mourioche.de\/wpmourio\/wp-content\/uploads\/2018\/04\/image3-150x100.jpeg 150w, https:\/\/www.mourioche.de\/wpmourio\/wp-content\/uploads\/2018\/04\/image3-400x267.jpeg 400w\" sizes=\"auto, (max-width: 300px) 100vw, 300px\" \/><\/a><\/p>\n<p style=\"text-align: center;\">links Cookie, in der Mitte Herr Wibier, rechts Nero blue Fang<\/p>\n<p style=\"text-align: center;\">Heute fand dann in Lage die Ank\u00f6rung der Landesgruppe 7 des <a href=\"https:\/\/www.kfuh.de\/\">Klub f\u00fcr ungarische Hirtenhunde<\/a> statt. Dort habe ich Mimi vorgestellt, um ihre Zuchtzulassung zu verl\u00e4ngern. Im KfuH werden die Hunde bei der ersten K\u00f6rung nur f\u00fcr 3 Jahre angek\u00f6rt und m\u00fcssen dann erneut vorgestellt werden. Bei der zweiten K\u00f6rung wird entschieden, ob die Zuchtzulassung verl\u00e4ngert wird (bei R\u00fcden dann lebensl\u00e4nglich, bei H\u00fcndinnen bis zum Erreichen des H\u00f6chstalters).<\/p>\n<p style=\"text-align: center;\">Mimi hat die K\u00f6rung bestanden und darf nun weiterhin f\u00fcr die Zucht eingesetzt werden &#8211; wir hoffen also auf einen Mudi-Wurf in 2019 \ud83d\ude09<\/p>\n<p style=\"text-align: center;\"><a href=\"https:\/\/www.mourioche.de\/wpmourio\/wp-content\/uploads\/2015\/06\/mimi1.jpg\"><img loading=\"lazy\" decoding=\"async\" class=\"alignnone size-medium wp-image-8281\" src=\"https:\/\/www.mourioche.de\/wpmourio\/wp-content\/uploads\/2015\/06\/mimi1-300x199.jpg\" alt=\"\" width=\"300\" height=\"199\" srcset=\"https:\/\/www.mourioche.de\/wpmourio\/wp-content\/uploads\/2015\/06\/mimi1-300x199.jpg 300w, https:\/\/www.mourioche.de\/wpmourio\/wp-content\/uploads\/2015\/06\/mimi1-150x99.jpg 150w, https:\/\/www.mourioche.de\/wpmourio\/wp-content\/uploads\/2015\/06\/mimi1-400x266.jpg 400w, https:\/\/www.mourioche.de\/wpmourio\/wp-content\/uploads\/2015\/06\/mimi1.jpg 800w\" sizes=\"auto, (max-width: 300px) 100vw, 300px\" \/><\/a><\/p>\n<p style=\"text-align: center;\">&#8222;Nebenbei&#8220; habe ich einige Wochen lang einen <a href=\"http:\/\/kutsche-fahren-lernen.de\/\">Kutschen-Fahrkurs<\/a> besucht und am 21.04. eine Pr\u00fcfung zum Erwerb des <a href=\"https:\/\/www.vfdnet.de\/index.php\">VfD Fahrerpass<\/a> abgelegt. Ich freue mich schon darauf, bald mit unseren Shettys per Kutsche durch die Gegend zu ziehen!<\/p>\n<p style=\"text-align: center;\"><a href=\"https:\/\/www.mourioche.de\/wpmourio\/wp-content\/uploads\/2018\/04\/20180427_091829-e1525028323526.jpg\"><img loading=\"lazy\" decoding=\"async\" class=\"alignnone size-medium wp-image-10332\" src=\"https:\/\/www.mourioche.de\/wpmourio\/wp-content\/uploads\/2018\/04\/20180427_091829-e1525028323526-300x225.jpg\" alt=\"\" width=\"300\" height=\"225\" srcset=\"https:\/\/www.mourioche.de\/wpmourio\/wp-content\/uploads\/2018\/04\/20180427_091829-e1525028323526-300x225.jpg 300w, https:\/\/www.mourioche.de\/wpmourio\/wp-content\/uploads\/2018\/04\/20180427_091829-e1525028323526-768x576.jpg 768w, https:\/\/www.mourioche.de\/wpmourio\/wp-content\/uploads\/2018\/04\/20180427_091829-e1525028323526-1024x768.jpg 1024w, https:\/\/www.mourioche.de\/wpmourio\/wp-content\/uploads\/2018\/04\/20180427_091829-e1525028323526-150x113.jpg 150w, https:\/\/www.mourioche.de\/wpmourio\/wp-content\/uploads\/2018\/04\/20180427_091829-e1525028323526-400x300.jpg 400w\" sizes=\"auto, (max-width: 300px) 100vw, 300px\" \/><\/a><\/p>\n<p style=\"text-align: center;\">unsere Shettys Erna (Schecke) und Anouk (Rappe)<\/p>\n<p style=\"text-align: center;\">es soll ja nicht langweilig werden&#8230;&#8230;&#8230;<\/p>\n<p>&nbsp;<\/p>\n","protected":false},"excerpt":{"rendered":"<p>In den letzten Wochen hat sich einiges getan, wir waren viel unterwegs! Die letzten beiden Welpen aus unserem N-Wurf sind ausgezogen und f\u00fchlen sich in ihrer jeweiligen neuen Heimat schon sehr wohl. Am 22.04. fand in Weeze die Regionalzuchtschau West des Berger des Pyr\u00e9n\u00e9es Deutschland e.V. statt. Bei wunderbarem Wetter verbrachten wir einen sch\u00f6nen Tag &hellip; <a href=\"https:\/\/www.mourioche.de\/?p=10330\" class=\"more-link\"><span class=\"screen-reader-text\">Nachlese<\/span> weiterlesen <span class=\"meta-nav\">&rarr;<\/span><\/a><\/p>\n","protected":false},"author":2,"featured_media":0,"comment_status":"open","ping_status":"open","sticky":false,"template":"","format":"standard","meta":{"footnotes":""},"categories":[1],"tags":[],"class_list":["post-10330","post","type-post","status-publish","format-standard","hentry","category-allgemein"],"jetpack_featured_media_url":"","_links":{"self":[{"href":"https:\/\/www.mourioche.de\/index.php?rest_route=\/wp\/v2\/posts\/10330","targetHints":{"allow":["GET"]}}],"collection":[{"href":"https:\/\/www.mourioche.de\/index.php?rest_route=\/wp\/v2\/posts"}],"about":[{"href":"https:\/\/www.mourioche.de\/index.php?rest_route=\/wp\/v2\/types\/post"}],"author":[{"embeddable":true,"href":"https:\/\/www.mourioche.de\/index.php?rest_route=\/wp\/v2\/users\/2"}],"replies":[{"embeddable":true,"href":"https:\/\/www.mourioche.de\/index.php?rest_route=%2Fwp%2Fv2%2Fcomments&post=10330"}],"version-history":[{"count":1,"href":"https:\/\/www.mourioche.de\/index.php?rest_route=\/wp\/v2\/posts\/10330\/revisions"}],"predecessor-version":[{"id":10333,"href":"https:\/\/www.mourioche.de\/index.php?rest_route=\/wp\/v2\/posts\/10330\/revisions\/10333"}],"wp:attachment":[{"href":"https:\/\/www.mourioche.de\/index.php?rest_route=%2Fwp%2Fv2%2Fmedia&parent=10330"}],"wp:term":[{"taxonomy":"category","embeddable":true,"href":"https:\/\/www.mourioche.de\/index.php?rest_route=%2Fwp%2Fv2%2Fcategories&post=10330"},{"taxonomy":"post_tag","embeddable":true,"href":"https:\/\/www.mourioche.de\/index.php?rest_route=%2Fwp%2Fv2%2Ftags&post=10330"}],"curies":[{"name":"wp","href":"https:\/\/api.w.org\/{rel}","templated":true}]}}