{"id":10374,"date":"2018-09-19T17:21:47","date_gmt":"2018-09-19T15:21:47","guid":{"rendered":"https:\/\/www.mourioche.de\/?p=10374"},"modified":"2018-09-19T17:22:08","modified_gmt":"2018-09-19T15:22:08","slug":"jago-du-mourioche","status":"publish","type":"post","link":"https:\/\/www.mourioche.de\/?p=10374","title":{"rendered":"Jago du Mourioche"},"content":{"rendered":"<p><a href=\"https:\/\/www.mourioche.de\/wpmourio\/wp-content\/uploads\/2018\/09\/DSC00768-3.jpeg\"><img loading=\"lazy\" decoding=\"async\" class=\"size-medium wp-image-10372 aligncenter\" src=\"https:\/\/www.mourioche.de\/wpmourio\/wp-content\/uploads\/2018\/09\/DSC00768-3-300x200.jpeg\" alt=\"\" width=\"300\" height=\"200\" srcset=\"https:\/\/www.mourioche.de\/wpmourio\/wp-content\/uploads\/2018\/09\/DSC00768-3-300x200.jpeg 300w, https:\/\/www.mourioche.de\/wpmourio\/wp-content\/uploads\/2018\/09\/DSC00768-3-768x512.jpeg 768w, https:\/\/www.mourioche.de\/wpmourio\/wp-content\/uploads\/2018\/09\/DSC00768-3-1024x682.jpeg 1024w, https:\/\/www.mourioche.de\/wpmourio\/wp-content\/uploads\/2018\/09\/DSC00768-3-150x100.jpeg 150w, https:\/\/www.mourioche.de\/wpmourio\/wp-content\/uploads\/2018\/09\/DSC00768-3-400x267.jpeg 400w, https:\/\/www.mourioche.de\/wpmourio\/wp-content\/uploads\/2018\/09\/DSC00768-3.jpeg 1280w\" sizes=\"auto, (max-width: 300px) 100vw, 300px\" \/><\/a><\/p>\n<p style=\"text-align: center;\">Wir gratulieren Jago du Mourioche (Idem du Val du Vent Dor\u00e9 x Brandagambar du Mourioche &#8222;Das Da&#8220;) zur erfolgreichen Ank\u00f6rung! Jago ist ein sehr offener und freundlicher R\u00fcde, Poil long (im Mittellanghaar Typ stehend), schwarz (zu grau aufgehellt), HD A.<\/p>\n<p style=\"text-align: center;\">Jago steht geeigneten H\u00fcndinnen zum Decken zur Verf\u00fcgung.<\/p>\n","protected":false},"excerpt":{"rendered":"<p>Wir gratulieren Jago du Mourioche (Idem du Val du Vent Dor\u00e9 x Brandagambar du Mourioche &#8222;Das Da&#8220;) zur erfolgreichen Ank\u00f6rung! Jago ist ein sehr offener und freundlicher R\u00fcde, Poil long (im Mittellanghaar Typ stehend), schwarz (zu grau aufgehellt), HD A. Jago steht geeigneten H\u00fcndinnen zum Decken zur Verf\u00fcgung.<\/p>\n","protected":false},"author":2,"featured_media":0,"comment_status":"closed","ping_status":"closed","sticky":false,"template":"","format":"standard","meta":{"footnotes":""},"categories":[1],"tags":[],"class_list":["post-10374","post","type-post","status-publish","format-standard","hentry","category-allgemein"],"jetpack_featured_media_url":"","_links":{"self":[{"href":"https:\/\/www.mourioche.de\/index.php?rest_route=\/wp\/v2\/posts\/10374","targetHints":{"allow":["GET"]}}],"collection":[{"href":"https:\/\/www.mourioche.de\/index.php?rest_route=\/wp\/v2\/posts"}],"about":[{"href":"https:\/\/www.mourioche.de\/index.php?rest_route=\/wp\/v2\/types\/post"}],"author":[{"embeddable":true,"href":"https:\/\/www.mourioche.de\/index.php?rest_route=\/wp\/v2\/users\/2"}],"replies":[{"embeddable":true,"href":"https:\/\/www.mourioche.de\/index.php?rest_route=%2Fwp%2Fv2%2Fcomments&post=10374"}],"version-history":[{"count":2,"href":"https:\/\/www.mourioche.de\/index.php?rest_route=\/wp\/v2\/posts\/10374\/revisions"}],"predecessor-version":[{"id":10376,"href":"https:\/\/www.mourioche.de\/index.php?rest_route=\/wp\/v2\/posts\/10374\/revisions\/10376"}],"wp:attachment":[{"href":"https:\/\/www.mourioche.de\/index.php?rest_route=%2Fwp%2Fv2%2Fmedia&parent=10374"}],"wp:term":[{"taxonomy":"category","embeddable":true,"href":"https:\/\/www.mourioche.de\/index.php?rest_route=%2Fwp%2Fv2%2Fcategories&post=10374"},{"taxonomy":"post_tag","embeddable":true,"href":"https:\/\/www.mourioche.de\/index.php?rest_route=%2Fwp%2Fv2%2Ftags&post=10374"}],"curies":[{"name":"wp","href":"https:\/\/api.w.org\/{rel}","templated":true}]}}