{"id":1502,"date":"2010-04-27T19:16:08","date_gmt":"2010-04-27T17:16:08","guid":{"rendered":"http:\/\/www.mourioche.de\/?p=1502"},"modified":"2010-04-27T19:16:08","modified_gmt":"2010-04-27T17:16:08","slug":"seminar","status":"publish","type":"post","link":"https:\/\/www.mourioche.de\/?p=1502","title":{"rendered":"Seminar"},"content":{"rendered":"<p>Im August werden bei uns in Lage zwei Seminare mit Silvia Trkman und Polona Bonac stattfinden. Es sind noch einige wenige Pl\u00e4tze frei! Seminar 1 findet am 5. und 6. August statt, Seminar 2 am 7. und 8. August. Beide Seminare sind sowohl f\u00fcr Anf\u00e4nger als auch f\u00fcr Fortgeschrittene geeignet.<\/p>\n<p>F\u00fcr mehr Infos bitte <a href=\"mailto:info@mourioche.de\">hier<\/a> melden&#8230;<\/p>\n<p style=\"text-align: center;\"><a href=\"https:\/\/www.mourioche.de\/wpmourio\/wp-content\/uploads\/2010\/04\/laslalom.jpg\"><img loading=\"lazy\" decoding=\"async\" class=\"aligncenter size-medium wp-image-1503\" title=\"laslalom\" src=\"https:\/\/www.mourioche.de\/wpmourio\/wp-content\/uploads\/2010\/04\/laslalom-300x200.jpg\" alt=\"\" width=\"300\" height=\"200\" srcset=\"https:\/\/www.mourioche.de\/wpmourio\/wp-content\/uploads\/2010\/04\/laslalom-300x200.jpg 300w, https:\/\/www.mourioche.de\/wpmourio\/wp-content\/uploads\/2010\/04\/laslalom.jpg 900w\" sizes=\"auto, (max-width: 300px) 100vw, 300px\" \/> <\/a><\/p>\n<p style=\"text-align: center;\">Silvias H\u00fcndin Simply the Best de Loubajac, genannt La<\/p>\n<p style=\"text-align: center;\"><a href=\"https:\/\/www.mourioche.de\/wpmourio\/wp-content\/uploads\/2010\/04\/lastegklein.jpg\"><img loading=\"lazy\" decoding=\"async\" class=\"aligncenter size-medium wp-image-1504\" title=\"lastegklein\" src=\"https:\/\/www.mourioche.de\/wpmourio\/wp-content\/uploads\/2010\/04\/lastegklein-300x199.jpg\" alt=\"\" width=\"300\" height=\"199\" srcset=\"https:\/\/www.mourioche.de\/wpmourio\/wp-content\/uploads\/2010\/04\/lastegklein-300x199.jpg 300w, https:\/\/www.mourioche.de\/wpmourio\/wp-content\/uploads\/2010\/04\/lastegklein.jpg 800w\" sizes=\"auto, (max-width: 300px) 100vw, 300px\" \/><\/a><\/p>\n<p style=\"text-align: center;\">zweifache Agility-Weltmeisterin in der Midi-Klasse<\/p>\n","protected":false},"excerpt":{"rendered":"<p>Im August werden bei uns in Lage zwei Seminare mit Silvia Trkman und Polona Bonac stattfinden. Es sind noch einige wenige Pl\u00e4tze frei! Seminar 1 findet am 5. und 6. August statt, Seminar 2 am 7. und 8. August. Beide Seminare sind sowohl f\u00fcr Anf\u00e4nger als auch f\u00fcr Fortgeschrittene geeignet. F\u00fcr mehr Infos bitte hier &hellip; <a href=\"https:\/\/www.mourioche.de\/?p=1502\" class=\"more-link\"><span class=\"screen-reader-text\">Seminar<\/span> weiterlesen <span class=\"meta-nav\">&rarr;<\/span><\/a><\/p>\n","protected":false},"author":2,"featured_media":0,"comment_status":"open","ping_status":"open","sticky":false,"template":"","format":"standard","meta":{"footnotes":""},"categories":[1],"tags":[],"class_list":["post-1502","post","type-post","status-publish","format-standard","hentry","category-allgemein"],"jetpack_featured_media_url":"","_links":{"self":[{"href":"https:\/\/www.mourioche.de\/index.php?rest_route=\/wp\/v2\/posts\/1502","targetHints":{"allow":["GET"]}}],"collection":[{"href":"https:\/\/www.mourioche.de\/index.php?rest_route=\/wp\/v2\/posts"}],"about":[{"href":"https:\/\/www.mourioche.de\/index.php?rest_route=\/wp\/v2\/types\/post"}],"author":[{"embeddable":true,"href":"https:\/\/www.mourioche.de\/index.php?rest_route=\/wp\/v2\/users\/2"}],"replies":[{"embeddable":true,"href":"https:\/\/www.mourioche.de\/index.php?rest_route=%2Fwp%2Fv2%2Fcomments&post=1502"}],"version-history":[{"count":0,"href":"https:\/\/www.mourioche.de\/index.php?rest_route=\/wp\/v2\/posts\/1502\/revisions"}],"wp:attachment":[{"href":"https:\/\/www.mourioche.de\/index.php?rest_route=%2Fwp%2Fv2%2Fmedia&parent=1502"}],"wp:term":[{"taxonomy":"category","embeddable":true,"href":"https:\/\/www.mourioche.de\/index.php?rest_route=%2Fwp%2Fv2%2Fcategories&post=1502"},{"taxonomy":"post_tag","embeddable":true,"href":"https:\/\/www.mourioche.de\/index.php?rest_route=%2Fwp%2Fv2%2Ftags&post=1502"}],"curies":[{"name":"wp","href":"https:\/\/api.w.org\/{rel}","templated":true}]}}