{"id":2724,"date":"2010-10-05T18:24:44","date_gmt":"2010-10-05T16:24:44","guid":{"rendered":"http:\/\/www.mourioche.de\/?p=2724"},"modified":"2010-10-05T18:24:44","modified_gmt":"2010-10-05T16:24:44","slug":"agility-wm","status":"publish","type":"post","link":"https:\/\/www.mourioche.de\/?p=2724","title":{"rendered":"Agility-WM"},"content":{"rendered":"<p>Das diesj\u00e4hrige Agility-Highlight ist vor\u00fcber: Vom 1.-3. Oktober fand in Rieden die FCI-Agility-Weltmeisterschaft statt, am 30.9. konnte man bereits den Teams beim Training zusehen.<\/p>\n<p>Es war ein tolles Event, es ist immer wieder ein Erlebnis, die verschiedenen Nationen in Action zu erleben &#8211; nicht nur die L\u00e4ufer, auch die Fans. Bunt in ihren Landesfarben hergerichtet bieten sie eine gro\u00dfartige Kulisse f\u00fcr die zum gr\u00f6\u00dften Teil hervorragenden L\u00e4ufe der Teilnehmer. Und auch, wenn man seinen Landsleuten und pers\u00f6nlichen Favoriten nat\u00fcrlich ganz besonders die Daumen dr\u00fcckt, wird doch mit jedem Starter mitgefiebert. Bei jedem Fehler, bei jedem verschenkten Zentimeter geht ein Raunen durch die Reihen, bei einer Disqualifikation wird das Team bis ins Ziel angefeuert.<\/p>\n<p>Da ich &#8222;nebenbei&#8220; als Helfer t\u00e4tig war (f\u00fcr so eine Veranstaltung braucht man nat\u00fcrlich eine Menge Leute, auch hinter den Kulissen), konnte ich nicht jeden einzelnen Lauf verfolgen, trotzdem habe ich viele beeindruckende Teams gesehen. Absolute Pr\u00e4zision bis ins kleinste Detail ist n\u00f6tig, um den Titel zu holen, hier entscheiden Bruchteile von Sekunden \u00fcber Sieg, Niederlage und Disqualifikation. Ein nicht ganz unwesentlicher Faktor sind die Nerven der Hundef\u00fchrer, so dass viele, die im ersten Lauf ganz vorne standen, im zweiten Lauf leider nicht das gew\u00fcnschte Resultat erreichen konnten.<\/p>\n<p>Herzlichen Gl\u00fcckwunsch an alle Starter, die sich f\u00fcr die WM qualifiziert hatten und besonders nat\u00fcrlich an diejenigen, die ganz nah am Siegertreppchen gekratzt haben: Bei den Small Ilona Rinke und Leeroy (Platz 4), Hinky Nickels und Pitch (Platz 6), bei den Midis Stephanie Tiemann und Chilly (Platz 7) und Robin Pfau mit Harriet (Platz 9) und bei den Large Silas Boogk mit Back (Platz 11).<\/p>\n<p>Silvia Trkman ist mit Bu und La jeweils auf den 4. Platz (Large und Midi) gelaufen, eine fantastische Leistung &#8211; gleich zwei Hunde auf der WM bis in die Spitze f\u00fchren&#8230;<\/p>\n<p>Polona Bonac hatte mit Sja leider Pech im zweiten Lauf &#8211; nach einem hervorragendem 7. Platz im ersten Lauf st\u00fcrzte sie\u00a0 \u00fcber den Steg und hatte somit keine Chancen mehr auf eine Platzierung.<\/p>\n<p>Die Mannschaftsl\u00e4ufe der deutschen Starter:<\/p>\n<p><object classid=\"clsid:d27cdb6e-ae6d-11cf-96b8-444553540000\" width=\"640\" height=\"390\" codebase=\"http:\/\/download.macromedia.com\/pub\/shockwave\/cabs\/flash\/swflash.cab#version=6,0,40,0\"><param name=\"allowFullScreen\" value=\"true\" \/><param name=\"allowScriptAccess\" value=\"always\" \/><param name=\"src\" value=\"http:\/\/www.youtube.com\/v\/qKjy1EGVAEk&amp;hl=de_DE&amp;feature=player_embedded&amp;version=3\" \/><param name=\"allowfullscreen\" value=\"true\" \/><\/object><\/p>\n<p><object classid=\"clsid:d27cdb6e-ae6d-11cf-96b8-444553540000\" width=\"640\" height=\"390\" codebase=\"http:\/\/download.macromedia.com\/pub\/shockwave\/cabs\/flash\/swflash.cab#version=6,0,40,0\"><param name=\"allowFullScreen\" value=\"true\" \/><param name=\"allowScriptAccess\" value=\"always\" \/><param name=\"src\" value=\"http:\/\/www.youtube.com\/v\/k_Gn_gvSL7Q&amp;hl=de_DE&amp;feature=player_embedded&amp;version=3\" \/><param name=\"allowfullscreen\" value=\"true\" \/><\/object><\/p>\n<p><object classid=\"clsid:d27cdb6e-ae6d-11cf-96b8-444553540000\" width=\"640\" height=\"390\" codebase=\"http:\/\/download.macromedia.com\/pub\/shockwave\/cabs\/flash\/swflash.cab#version=6,0,40,0\"><param name=\"allowFullScreen\" value=\"true\" \/><param name=\"allowScriptAccess\" value=\"always\" \/><param name=\"src\" value=\"http:\/\/www.youtube.com\/v\/CnS-2gyxoBI&amp;hl=de_DE&amp;feature=player_embedded&amp;version=3\" \/><param name=\"allowfullscreen\" value=\"true\" \/><\/object><\/p>\n","protected":false},"excerpt":{"rendered":"<p>Das diesj\u00e4hrige Agility-Highlight ist vor\u00fcber: Vom 1.-3. Oktober fand in Rieden die FCI-Agility-Weltmeisterschaft statt, am 30.9. konnte man bereits den Teams beim Training zusehen. Es war ein tolles Event, es ist immer wieder ein Erlebnis, die verschiedenen Nationen in Action zu erleben &#8211; nicht nur die L\u00e4ufer, auch die Fans. Bunt in ihren Landesfarben hergerichtet &hellip; <a href=\"https:\/\/www.mourioche.de\/?p=2724\" class=\"more-link\"><span class=\"screen-reader-text\">Agility-WM<\/span> weiterlesen <span class=\"meta-nav\">&rarr;<\/span><\/a><\/p>\n","protected":false},"author":2,"featured_media":0,"comment_status":"open","ping_status":"open","sticky":false,"template":"","format":"standard","meta":{"footnotes":""},"categories":[1],"tags":[],"class_list":["post-2724","post","type-post","status-publish","format-standard","hentry","category-allgemein"],"jetpack_featured_media_url":"","_links":{"self":[{"href":"https:\/\/www.mourioche.de\/index.php?rest_route=\/wp\/v2\/posts\/2724","targetHints":{"allow":["GET"]}}],"collection":[{"href":"https:\/\/www.mourioche.de\/index.php?rest_route=\/wp\/v2\/posts"}],"about":[{"href":"https:\/\/www.mourioche.de\/index.php?rest_route=\/wp\/v2\/types\/post"}],"author":[{"embeddable":true,"href":"https:\/\/www.mourioche.de\/index.php?rest_route=\/wp\/v2\/users\/2"}],"replies":[{"embeddable":true,"href":"https:\/\/www.mourioche.de\/index.php?rest_route=%2Fwp%2Fv2%2Fcomments&post=2724"}],"version-history":[{"count":0,"href":"https:\/\/www.mourioche.de\/index.php?rest_route=\/wp\/v2\/posts\/2724\/revisions"}],"wp:attachment":[{"href":"https:\/\/www.mourioche.de\/index.php?rest_route=%2Fwp%2Fv2%2Fmedia&parent=2724"}],"wp:term":[{"taxonomy":"category","embeddable":true,"href":"https:\/\/www.mourioche.de\/index.php?rest_route=%2Fwp%2Fv2%2Fcategories&post=2724"},{"taxonomy":"post_tag","embeddable":true,"href":"https:\/\/www.mourioche.de\/index.php?rest_route=%2Fwp%2Fv2%2Ftags&post=2724"}],"curies":[{"name":"wp","href":"https:\/\/api.w.org\/{rel}","templated":true}]}}