{"id":4035,"date":"2011-08-03T19:53:48","date_gmt":"2011-08-03T17:53:48","guid":{"rendered":"http:\/\/www.mourioche.de\/?p=4035"},"modified":"2011-08-03T19:53:48","modified_gmt":"2011-08-03T17:53:48","slug":"b-und-c","status":"publish","type":"post","link":"https:\/\/www.mourioche.de\/?p=4035","title":{"rendered":"B und C"},"content":{"rendered":"<p>Unser Scullys B-Wurf entwickelt sich pr\u00e4chtig, alle &#8222;Zwerge&#8220; wachsen und gedeihen und sind so &#8222;zwergig&#8220; nun schon wirklich nicht mehr. Um Irritationen zu vermeiden: Im VDH vergeben die Z\u00fcchter ihren W\u00fcrfen die Namen nach Reihenfolge des Alphabetes, das heisst die Welpen des ersten Wurfes bekommen Namen, die mit &#8222;A&#8220; anfangen, die des zweiten Wurfes beginnen mit &#8222;B&#8220; und so weiter. Z\u00fcchter, die mehr als eine Rasse z\u00fcchten, vergeben das Alphabet f\u00fcr jede Rasse getrennt, so dass man also mehrere A-W\u00fcrfe, B-W\u00fcrfe,&#8230; bekommen kann. Aus diesem Grund haben wir bislang zwei A- und zwei B-W\u00fcrfe, Bletta hat Scully jedoch den C-Wurf (noch) voraus \ud83d\ude09 Wir versuchen die Gestaltung etwas \u00fcbersichtlicher zu halten: Unsere Berger-Welpen haben alle Namen, die ihren Ursprung in den Geschichten des J.R.R. Tolkien haben, die Golden Retriever sind nach Musikgruppen oder S\u00e4ngern benannt. Z\u00fcchter mit sehr vielen W\u00fcrfen &#8211; sei es, weil sie mehrere\u00a0 Zuchth\u00fcndinnen und somit mehrere W\u00fcrfe pro Jahr haben, sei es, weil sie schon sehr lange z\u00fcchten (oder beides) &#8211; \u00a0landen nat\u00fcrlich irgendwann bei &#8222;Z&#8220; und fangen danach wieder mit &#8222;A&#8220; an.<\/p>\n<p>Den Welpen sind diese Formalit\u00e4ten herzlich egal und wie die neuen Besitzer die Kleinen sp\u00e4ter nennen, hat auch oft mit der Namensgebung beim Z\u00fcchter eher wenig zu tun. So heisst Bangles du Mourioche jetzt &#8222;Luna&#8220; und erfahrungsgem\u00e4\u00df bleibt es nicht bei einem Namen. Bletta zum Beispiel (die ihren Namen vom <a href=\"http:\/\/a-d-klingelhoefer.de\/\">Z\u00fcchter<\/a> bekommen hat, wir haben ihn behalten, weil er so passend ist: &#8222;Die Gefleckte&#8220;&#8230; (isl\u00e4ndisch)) heisst ausserdem noch &#8222;Schneckchen&#8220;, &#8222;P\u00fcnktchen&#8220;, &#8222;Zippe&#8220;,&#8230;<\/p>\n<p style=\"text-align: center;\"><a href=\"https:\/\/www.mourioche.de\/wpmourio\/wp-content\/uploads\/2011\/08\/schlaf1.jpg\"><img loading=\"lazy\" decoding=\"async\" class=\"aligncenter size-medium wp-image-4036\" title=\"schlaf1\" src=\"https:\/\/www.mourioche.de\/wpmourio\/wp-content\/uploads\/2011\/08\/schlaf1-300x225.jpg\" alt=\"\" width=\"300\" height=\"225\" srcset=\"https:\/\/www.mourioche.de\/wpmourio\/wp-content\/uploads\/2011\/08\/schlaf1-300x225.jpg 300w, https:\/\/www.mourioche.de\/wpmourio\/wp-content\/uploads\/2011\/08\/schlaf1.jpg 800w\" sizes=\"auto, (max-width: 300px) 100vw, 300px\" \/><\/a><\/p>\n<p style=\"text-align: center;\">Luna interessiert das Ganze erst mal nicht weiter, im neuen Heim l\u00e4sst sich\u00b4s prima schlafen<\/p>\n<p style=\"text-align: center;\"><a href=\"https:\/\/www.mourioche.de\/wpmourio\/wp-content\/uploads\/2011\/08\/schlaf2.jpg\"><img loading=\"lazy\" decoding=\"async\" class=\"aligncenter size-medium wp-image-4037\" title=\"schlaf2\" src=\"https:\/\/www.mourioche.de\/wpmourio\/wp-content\/uploads\/2011\/08\/schlaf2-300x225.jpg\" alt=\"\" width=\"300\" height=\"225\" srcset=\"https:\/\/www.mourioche.de\/wpmourio\/wp-content\/uploads\/2011\/08\/schlaf2-300x225.jpg 300w, https:\/\/www.mourioche.de\/wpmourio\/wp-content\/uploads\/2011\/08\/schlaf2.jpg 800w\" sizes=\"auto, (max-width: 300px) 100vw, 300px\" \/><\/a><\/p>\n<p style=\"text-align: center;\">ups &#8211; umgefallen, kurz vorm Ziel \ud83d\ude09<\/p>\n<p style=\"text-align: center;\"><a href=\"https:\/\/www.mourioche.de\/wpmourio\/wp-content\/uploads\/2011\/08\/schlaf3.jpg\"><img loading=\"lazy\" decoding=\"async\" class=\"aligncenter size-medium wp-image-4038\" title=\"schlaf3\" src=\"https:\/\/www.mourioche.de\/wpmourio\/wp-content\/uploads\/2011\/08\/schlaf3-300x225.jpg\" alt=\"\" width=\"300\" height=\"225\" srcset=\"https:\/\/www.mourioche.de\/wpmourio\/wp-content\/uploads\/2011\/08\/schlaf3-300x225.jpg 300w, https:\/\/www.mourioche.de\/wpmourio\/wp-content\/uploads\/2011\/08\/schlaf3.jpg 800w\" sizes=\"auto, (max-width: 300px) 100vw, 300px\" \/><\/a><\/p>\n<p style=\"text-align: center;\">ob das bequem ist?<\/p>\n<p style=\"text-align: center;\"><a href=\"https:\/\/www.mourioche.de\/wpmourio\/wp-content\/uploads\/2011\/08\/schlaf4.jpg\"><img loading=\"lazy\" decoding=\"async\" class=\"aligncenter size-medium wp-image-4039\" title=\"schlaf4\" src=\"https:\/\/www.mourioche.de\/wpmourio\/wp-content\/uploads\/2011\/08\/schlaf4-300x225.jpg\" alt=\"\" width=\"300\" height=\"225\" srcset=\"https:\/\/www.mourioche.de\/wpmourio\/wp-content\/uploads\/2011\/08\/schlaf4-300x225.jpg 300w, https:\/\/www.mourioche.de\/wpmourio\/wp-content\/uploads\/2011\/08\/schlaf4.jpg 800w\" sizes=\"auto, (max-width: 300px) 100vw, 300px\" \/> <\/a><\/p>\n<p style=\"text-align: center;\">Gummiknochen????<\/p>\n<p style=\"text-align: left;\">Blettas C\u00b4s sind aus diesem Alter schon lange raus, auch Ruu (Coir\u00eb du Mourioche) hat &#8211; nach Le (Celebr\u00edan du Mourioche) &#8211; bereits ihr erstes \u00a0Agility-Turnier absolviert. Mit wieviel Spa\u00df und Eifer sie bei der Sache ist, sieht man auf dem Video, das Minna mir zur Verf\u00fcgung gestellt hat &#8211; vielen Dank nach Finnland!<\/p>\n<p style=\"text-align: left;\">\n<p><object style=\"height: 390px; width: 640px;\" classid=\"clsid:d27cdb6e-ae6d-11cf-96b8-444553540000\" width=\"100\" height=\"100\" codebase=\"http:\/\/download.macromedia.com\/pub\/shockwave\/cabs\/flash\/swflash.cab#version=6,0,40,0\"><param name=\"allowFullScreen\" value=\"true\" \/><param name=\"allowScriptAccess\" value=\"always\" \/><param name=\"src\" value=\"http:\/\/www.youtube.com\/v\/NmbKDFNcZW8?version=3\" \/><param name=\"allowfullscreen\" value=\"true\" \/><\/object><\/p>\n<p>Und wenn man Ruu ins Gesicht blickt, sieht man den typischen Mourioche-Blick &#8211; auch wenn sie die Ohren ganz eindeutig vom <a href=\"http:\/\/finundbo.blogspot.com\/\">Papa<\/a> geerbt hat! \ud83d\ude09<\/p>\n<p style=\"text-align: center;\"><a href=\"https:\/\/www.mourioche.de\/wpmourio\/wp-content\/uploads\/2011\/08\/ruuklein.jpg\"><img loading=\"lazy\" decoding=\"async\" class=\"aligncenter size-medium wp-image-4040\" title=\"ruuklein\" src=\"https:\/\/www.mourioche.de\/wpmourio\/wp-content\/uploads\/2011\/08\/ruuklein-224x300.jpg\" alt=\"\" width=\"224\" height=\"300\" srcset=\"https:\/\/www.mourioche.de\/wpmourio\/wp-content\/uploads\/2011\/08\/ruuklein-224x300.jpg 224w, https:\/\/www.mourioche.de\/wpmourio\/wp-content\/uploads\/2011\/08\/ruuklein-767x1024.jpg 767w, https:\/\/www.mourioche.de\/wpmourio\/wp-content\/uploads\/2011\/08\/ruuklein.jpg 800w\" sizes=\"auto, (max-width: 224px) 100vw, 224px\" \/><\/a><\/p>\n<p style=\"text-align: center;\">da sag noch mal einer, Hunde k\u00f6nnen nicht lachen&#8230;<\/p>\n<p style=\"text-align: left;\">Im September steht die Deutsche Agility Meisterschaft des dhv an, hierf\u00fcr sind bereits im Vorfeld einige Qualifikationen zu erreichen. \u00a0Asea und <a href=\"http:\/\/sportstaff.de\/news.php?date=08-2011\">Bucca Wii du Mourioche<\/a> haben es geschafft und sind mit f\u00fcnf weiteren Berger des Pyr\u00e9n\u00e9es ebenfalls dabei. Herzlichen Gl\u00fcckwunsch, ich dr\u00fccke euch ganz feste die Daumen! Besonders Wii hat in diesem Jahr einen tollen Durchmarsch hingelegt, im Februar das erste Turnier, ruck-zuck in die A3 aufgestiegen und dort bereits alle m\u00f6glichen Qualis f\u00fcr diverse nationale und internationale Meisterschaften gesammelt. Auch der gerade errungene &#8222;Pokal&#8220; des Bremer Stadtmusikantencups ist ihr sicher nicht mal so eben in den Scho\u00df gefallen &#8211; daf\u00fcr sieht er einfach zu schick aus \ud83d\ude09 Damit es in der Familie bleibt, dr\u00fccke ich nat\u00fcrlich auch f\u00fcr Cayenne, Aseas &#8222;Mitbewohnerin&#8220;, die Daumen gleich mit.<\/p>\n<p style=\"text-align: left;\">Bis auf einige wenige Turniere zu Jahresbeginn spielte Agility 2011 f\u00fcr mich nur eine sehr untergeordnete Rolle &#8211; f\u00fcr uns stehen erst mal andere Projekte im Vordergrund, nicht alle davon haben mit Hunden zu tun \ud83d\ude09<\/p>\n<p style=\"text-align: center;\"><a href=\"https:\/\/www.mourioche.de\/wpmourio\/wp-content\/uploads\/2011\/08\/klein2.jpg\"><img loading=\"lazy\" decoding=\"async\" class=\"aligncenter size-medium wp-image-4041\" title=\"klein2\" src=\"https:\/\/www.mourioche.de\/wpmourio\/wp-content\/uploads\/2011\/08\/klein2-300x215.jpg\" alt=\"\" width=\"300\" height=\"215\" srcset=\"https:\/\/www.mourioche.de\/wpmourio\/wp-content\/uploads\/2011\/08\/klein2-300x215.jpg 300w, https:\/\/www.mourioche.de\/wpmourio\/wp-content\/uploads\/2011\/08\/klein2.jpg 800w\" sizes=\"auto, (max-width: 300px) 100vw, 300px\" \/><\/a><\/p>\n<p style=\"text-align: center;\">\n<p style=\"text-align: center;\">\n","protected":false},"excerpt":{"rendered":"<p>Unser Scullys B-Wurf entwickelt sich pr\u00e4chtig, alle &#8222;Zwerge&#8220; wachsen und gedeihen und sind so &#8222;zwergig&#8220; nun schon wirklich nicht mehr. Um Irritationen zu vermeiden: Im VDH vergeben die Z\u00fcchter ihren W\u00fcrfen die Namen nach Reihenfolge des Alphabetes, das heisst die Welpen des ersten Wurfes bekommen Namen, die mit &#8222;A&#8220; anfangen, die des zweiten Wurfes beginnen &hellip; <a href=\"https:\/\/www.mourioche.de\/?p=4035\" class=\"more-link\"><span class=\"screen-reader-text\">B und C<\/span> weiterlesen <span class=\"meta-nav\">&rarr;<\/span><\/a><\/p>\n","protected":false},"author":2,"featured_media":0,"comment_status":"open","ping_status":"open","sticky":false,"template":"","format":"standard","meta":{"footnotes":""},"categories":[1],"tags":[],"class_list":["post-4035","post","type-post","status-publish","format-standard","hentry","category-allgemein"],"jetpack_featured_media_url":"","_links":{"self":[{"href":"https:\/\/www.mourioche.de\/index.php?rest_route=\/wp\/v2\/posts\/4035","targetHints":{"allow":["GET"]}}],"collection":[{"href":"https:\/\/www.mourioche.de\/index.php?rest_route=\/wp\/v2\/posts"}],"about":[{"href":"https:\/\/www.mourioche.de\/index.php?rest_route=\/wp\/v2\/types\/post"}],"author":[{"embeddable":true,"href":"https:\/\/www.mourioche.de\/index.php?rest_route=\/wp\/v2\/users\/2"}],"replies":[{"embeddable":true,"href":"https:\/\/www.mourioche.de\/index.php?rest_route=%2Fwp%2Fv2%2Fcomments&post=4035"}],"version-history":[{"count":0,"href":"https:\/\/www.mourioche.de\/index.php?rest_route=\/wp\/v2\/posts\/4035\/revisions"}],"wp:attachment":[{"href":"https:\/\/www.mourioche.de\/index.php?rest_route=%2Fwp%2Fv2%2Fmedia&parent=4035"}],"wp:term":[{"taxonomy":"category","embeddable":true,"href":"https:\/\/www.mourioche.de\/index.php?rest_route=%2Fwp%2Fv2%2Fcategories&post=4035"},{"taxonomy":"post_tag","embeddable":true,"href":"https:\/\/www.mourioche.de\/index.php?rest_route=%2Fwp%2Fv2%2Ftags&post=4035"}],"curies":[{"name":"wp","href":"https:\/\/api.w.org\/{rel}","templated":true}]}}