{"id":4222,"date":"2012-01-17T19:01:42","date_gmt":"2012-01-17T17:01:42","guid":{"rendered":"http:\/\/www.mourioche.de\/?p=4222"},"modified":"2012-01-17T19:01:42","modified_gmt":"2012-01-17T17:01:42","slug":"auf-ein-neues","status":"publish","type":"post","link":"https:\/\/www.mourioche.de\/?p=4222","title":{"rendered":"Auf ein neues!"},"content":{"rendered":"<p>Nachdem 2011 bei uns in puncto Agility Pause angesagt war &#8211; der zwei- und vierbeinige Nachwuchs stand einfach im Vordergrund &#8211; steht jetzt so langsam die &#8222;Wiedereingliederung&#8220; auf dem Programm. Bletta trainiert schon seit Beginn der Wintersaison mit Nadja in einer Reithalle gemeinsam mit Agilityfreunden. Doch da ich Philine nicht mit in die recht kalte und zugige Halle nehmen m\u00f6chte, muss mein eigener Trainingsbeginn noch ein wenig warten. Als aber die Einladung zur diesj\u00e4hrigen Triade in B\u00fcnde kam, war die Verlockung doch zu gro\u00df: Die A3er m\u00fcssen erst am Mittag anreisen (Pech f\u00fcr Das Da, die \u00dcberlegung, mit welchem Hund ich starte, fiel mir leicht \ud83d\ude09\u00a0 ), ein hochkar\u00e4tiges Starterfeld bei dem das Zuschauen einfach schon Spa\u00df macht und die Aussicht, viele alte Bekannte zu treffen. Nicht zu vergessen das warme Reiterst\u00fcbchen! Da musste ich nicht lange \u00fcberlegen und habe Bletta gemeldet, ganz nach dem olympischen Gedanken, dass &#8222;dabei sein&#8220; ja schon toll ist. Der erste Start war dann gleich der A-Lauf, was soll ich sagen, wir waren halt dabei&#8230; Bletta hat ihr Bestes gegeben, leider war ich mir sehr sicher, dass nach Hindernis 10 Hindernis 12 kommt. Mit der Meinung stand ich recht alleine da, auch dass ich noch eine H\u00fcrde 17a eingebaut habe, die eigentlich nicht vorgesehen war und somit die Gesamtzahl der Hindernisse wieder stimmte, konnte den Richter irgendwie nicht \u00fcberzeugen. Egal, daf\u00fcr war der Spa\u00dffaktor recht hoch \ud83d\ude09 Im Jumping hat\u00b4s dann aber tats\u00e4chlich geklappt und wir haben einen netten Nuller auf\u00b4s Parkett (den Reithallenboden) gelegt. Dank den <a href=\"http:\/\/www.wilde-kehrle.de\/\">wilden Kehrlen<\/a> ist das sogar dokumentiert!<\/p>\n<p><object style=\"height: 390px; width: 640px;\" classid=\"clsid:d27cdb6e-ae6d-11cf-96b8-444553540000\" width=\"100\" height=\"100\" codebase=\"http:\/\/download.macromedia.com\/pub\/shockwave\/cabs\/flash\/swflash.cab#version=6,0,40,0\"><param name=\"allowFullScreen\" value=\"true\" \/><param name=\"allowScriptAccess\" value=\"always\" \/><param name=\"src\" value=\"http:\/\/www.youtube.com\/v\/wD3SzHNZsEI?version=3&amp;feature=player_detailpage\" \/><param name=\"allowfullscreen\" value=\"true\" \/><\/object><\/p>\n<p>Vielen Dank daf\u00fcr!<\/p>\n<p>Herzlichen Gl\u00fcckwunsch auch an <a href=\"http:\/\/klosterhunde.de\/\">Bianca und Mr. Mason<\/a>, die Sonntag den Aufstieg in die A3 geschafft haben!<\/p>\n<p>Ein ganz besonderer Gl\u00fcckwunsch geht nach Finnland: Minna und Ruu (Coir\u00eb du Mourioche) sind am Samstag in die A3 aufgestiegen! Auch Ruu ist &#8211; wie die anderen C\u00b4s &#8211; eine kleine Flitzepiepe, wahnsinnig schnell und ausgesprochen arbeitsfreudig. <a href=\"http:\/\/finundbo.blogspot.com\/\">Papa Fin<\/a> l\u00e4sst gr\u00fc\u00dfen&#8230; \ud83d\ude09 Minna hat mir die folgenden Videos von Ruu zur Verf\u00fcgung gestellt, ganz herzlichen Dank!<\/p>\n<p><object style=\"height: 390px; width: 640px;\" classid=\"clsid:d27cdb6e-ae6d-11cf-96b8-444553540000\" width=\"100\" height=\"100\" codebase=\"http:\/\/download.macromedia.com\/pub\/shockwave\/cabs\/flash\/swflash.cab#version=6,0,40,0\"><param name=\"allowFullScreen\" value=\"true\" \/><param name=\"allowScriptAccess\" value=\"always\" \/><param name=\"src\" value=\"http:\/\/www.youtube.com\/v\/_JXKwWrwO4c?version=3&amp;feature=player_detailpage\" \/><param name=\"allowfullscreen\" value=\"true\" \/><\/object><\/p>\n<p><object style=\"height: 390px; width: 640px;\" classid=\"clsid:d27cdb6e-ae6d-11cf-96b8-444553540000\" width=\"100\" height=\"100\" codebase=\"http:\/\/download.macromedia.com\/pub\/shockwave\/cabs\/flash\/swflash.cab#version=6,0,40,0\"><param name=\"allowFullScreen\" value=\"true\" \/><param name=\"allowScriptAccess\" value=\"always\" \/><param name=\"src\" value=\"http:\/\/www.youtube.com\/v\/168oeyJVeEc?version=3&amp;feature=player_detailpage\" \/><param name=\"allowfullscreen\" value=\"true\" \/><\/object><\/p>\n","protected":false},"excerpt":{"rendered":"<p>Nachdem 2011 bei uns in puncto Agility Pause angesagt war &#8211; der zwei- und vierbeinige Nachwuchs stand einfach im Vordergrund &#8211; steht jetzt so langsam die &#8222;Wiedereingliederung&#8220; auf dem Programm. Bletta trainiert schon seit Beginn der Wintersaison mit Nadja in einer Reithalle gemeinsam mit Agilityfreunden. Doch da ich Philine nicht mit in die recht kalte &hellip; <a href=\"https:\/\/www.mourioche.de\/?p=4222\" class=\"more-link\"><span class=\"screen-reader-text\">Auf ein neues!<\/span> weiterlesen <span class=\"meta-nav\">&rarr;<\/span><\/a><\/p>\n","protected":false},"author":2,"featured_media":0,"comment_status":"open","ping_status":"open","sticky":false,"template":"","format":"standard","meta":{"footnotes":""},"categories":[1],"tags":[],"class_list":["post-4222","post","type-post","status-publish","format-standard","hentry","category-allgemein"],"jetpack_featured_media_url":"","_links":{"self":[{"href":"https:\/\/www.mourioche.de\/index.php?rest_route=\/wp\/v2\/posts\/4222","targetHints":{"allow":["GET"]}}],"collection":[{"href":"https:\/\/www.mourioche.de\/index.php?rest_route=\/wp\/v2\/posts"}],"about":[{"href":"https:\/\/www.mourioche.de\/index.php?rest_route=\/wp\/v2\/types\/post"}],"author":[{"embeddable":true,"href":"https:\/\/www.mourioche.de\/index.php?rest_route=\/wp\/v2\/users\/2"}],"replies":[{"embeddable":true,"href":"https:\/\/www.mourioche.de\/index.php?rest_route=%2Fwp%2Fv2%2Fcomments&post=4222"}],"version-history":[{"count":0,"href":"https:\/\/www.mourioche.de\/index.php?rest_route=\/wp\/v2\/posts\/4222\/revisions"}],"wp:attachment":[{"href":"https:\/\/www.mourioche.de\/index.php?rest_route=%2Fwp%2Fv2%2Fmedia&parent=4222"}],"wp:term":[{"taxonomy":"category","embeddable":true,"href":"https:\/\/www.mourioche.de\/index.php?rest_route=%2Fwp%2Fv2%2Fcategories&post=4222"},{"taxonomy":"post_tag","embeddable":true,"href":"https:\/\/www.mourioche.de\/index.php?rest_route=%2Fwp%2Fv2%2Ftags&post=4222"}],"curies":[{"name":"wp","href":"https:\/\/api.w.org\/{rel}","templated":true}]}}