{"id":4323,"date":"2012-03-06T21:33:53","date_gmt":"2012-03-06T19:33:53","guid":{"rendered":"http:\/\/www.mourioche.de\/?p=4323"},"modified":"2012-03-06T21:33:53","modified_gmt":"2012-03-06T19:33:53","slug":"marktlucke","status":"publish","type":"post","link":"https:\/\/www.mourioche.de\/?p=4323","title":{"rendered":"Marktl\u00fccke"},"content":{"rendered":"<p>Diese Marktl\u00fccke ist jetzt also auch geschlossen: Beh\u00e4lter f\u00fcr den Berger, der nicht so will, wie er soll?<\/p>\n<p style=\"text-align: center;\"><a href=\"https:\/\/www.mourioche.de\/wpmourio\/wp-content\/uploads\/2012\/03\/behaelter1.jpg\"><img loading=\"lazy\" decoding=\"async\" class=\"aligncenter size-medium wp-image-4324\" title=\"behaelter1\" src=\"https:\/\/www.mourioche.de\/wpmourio\/wp-content\/uploads\/2012\/03\/behaelter1-300x199.jpg\" alt=\"\" width=\"300\" height=\"199\" srcset=\"https:\/\/www.mourioche.de\/wpmourio\/wp-content\/uploads\/2012\/03\/behaelter1-300x199.jpg 300w, https:\/\/www.mourioche.de\/wpmourio\/wp-content\/uploads\/2012\/03\/behaelter1.jpg 800w\" sizes=\"auto, (max-width: 300px) 100vw, 300px\" \/><\/a><\/p>\n<p style=\"text-align: center;\">zum Gl\u00fcck besteht f\u00fcr Bletta da keine Gefahr&#8230;<\/p>\n<p style=\"text-align: center;\"><a href=\"https:\/\/www.mourioche.de\/wpmourio\/wp-content\/uploads\/2012\/03\/behaelter2.jpg\"><img loading=\"lazy\" decoding=\"async\" class=\"aligncenter size-medium wp-image-4325\" title=\"behaelter2\" src=\"https:\/\/www.mourioche.de\/wpmourio\/wp-content\/uploads\/2012\/03\/behaelter2-248x300.jpg\" alt=\"\" width=\"248\" height=\"300\" srcset=\"https:\/\/www.mourioche.de\/wpmourio\/wp-content\/uploads\/2012\/03\/behaelter2-248x300.jpg 248w, https:\/\/www.mourioche.de\/wpmourio\/wp-content\/uploads\/2012\/03\/behaelter2.jpg 800w\" sizes=\"auto, (max-width: 248px) 100vw, 248px\" \/><\/a><\/p>\n<p style=\"text-align: center;\">&#8230;sie posiert auch h\u00fcbsch f\u00fcr das Foto \ud83d\ude09<\/p>\n<p style=\"text-align: center;\">\n","protected":false},"excerpt":{"rendered":"<p>Diese Marktl\u00fccke ist jetzt also auch geschlossen: Beh\u00e4lter f\u00fcr den Berger, der nicht so will, wie er soll? zum Gl\u00fcck besteht f\u00fcr Bletta da keine Gefahr&#8230; &#8230;sie posiert auch h\u00fcbsch f\u00fcr das Foto \ud83d\ude09<\/p>\n","protected":false},"author":2,"featured_media":0,"comment_status":"open","ping_status":"open","sticky":false,"template":"","format":"standard","meta":{"footnotes":""},"categories":[1],"tags":[],"class_list":["post-4323","post","type-post","status-publish","format-standard","hentry","category-allgemein"],"jetpack_featured_media_url":"","_links":{"self":[{"href":"https:\/\/www.mourioche.de\/index.php?rest_route=\/wp\/v2\/posts\/4323","targetHints":{"allow":["GET"]}}],"collection":[{"href":"https:\/\/www.mourioche.de\/index.php?rest_route=\/wp\/v2\/posts"}],"about":[{"href":"https:\/\/www.mourioche.de\/index.php?rest_route=\/wp\/v2\/types\/post"}],"author":[{"embeddable":true,"href":"https:\/\/www.mourioche.de\/index.php?rest_route=\/wp\/v2\/users\/2"}],"replies":[{"embeddable":true,"href":"https:\/\/www.mourioche.de\/index.php?rest_route=%2Fwp%2Fv2%2Fcomments&post=4323"}],"version-history":[{"count":0,"href":"https:\/\/www.mourioche.de\/index.php?rest_route=\/wp\/v2\/posts\/4323\/revisions"}],"wp:attachment":[{"href":"https:\/\/www.mourioche.de\/index.php?rest_route=%2Fwp%2Fv2%2Fmedia&parent=4323"}],"wp:term":[{"taxonomy":"category","embeddable":true,"href":"https:\/\/www.mourioche.de\/index.php?rest_route=%2Fwp%2Fv2%2Fcategories&post=4323"},{"taxonomy":"post_tag","embeddable":true,"href":"https:\/\/www.mourioche.de\/index.php?rest_route=%2Fwp%2Fv2%2Ftags&post=4323"}],"curies":[{"name":"wp","href":"https:\/\/api.w.org\/{rel}","templated":true}]}}