{"id":5596,"date":"2013-01-23T15:49:42","date_gmt":"2013-01-23T13:49:42","guid":{"rendered":"http:\/\/www.mourioche.de\/?p=5596"},"modified":"2013-01-23T15:49:42","modified_gmt":"2013-01-23T13:49:42","slug":"dies-und-das-2","status":"publish","type":"post","link":"https:\/\/www.mourioche.de\/?p=5596","title":{"rendered":"Dies und Das"},"content":{"rendered":"<p>Einiges ist passiert in den letzten Wochen:<\/p>\n<p>Der Ultraschall hat gezeigt, dass Bletta Welpen erwartet &#8211; unser Ausflug nach \u00d6sterreich war also erfolgreich! Wir freuen uns auf Nachwuchs von Bletta de Kliandie x <a href=\"http:\/\/beauceron.heimat.eu\/pyr\/indy_DR.htm\">First Indy Black de Loubajac. \u00a0<\/a> Mitte Februar wird es soweit sein, eine Weile bleibt es also noch spannend.<\/p>\n<p>Noch ein Grund zur Freude: Sammy (Cirion du Mourioche) ist in die A3 aufgestiegen! Herzlichen Gl\u00fcckwunsch nat\u00fcrlich auch an Frauchen Beate, endlich gab es mal keine Wanderh\u00fcrden im Zieleinlauf \ud83d\ude09<\/p>\n<p>Bei den <a href=\"http:\/\/berger-vagabonde.de\/index.php?option=com_content&amp;view=article&amp;id=101&amp;Itemid=82\">petite vagabondes<\/a> haben wir Bletta-Enkel besucht: Dessee chuken sakura no kuni x Bombadil Babou du Mourioche. \u00a0Die beiden M\u00e4dels und der Hahn im Korb sind bereits vergeben und ich w\u00fcnsche ihnen ein langes und gl\u00fcckliches Leben bei ihren neuen Familien.<\/p>\n<p>Wenn alles planm\u00e4\u00dfig verl\u00e4uft, wird es in einigen Wochen weitere Bletta-Enkel geben, f\u00fcr weitere Ausk\u00fcnfte k\u00f6nnen Sie sich gerne bei mir melden.<\/p>\n<p style=\"text-align: center;\">\n<p><a href=\"https:\/\/www.mourioche.de\/wpmourio\/wp-content\/uploads\/2013\/01\/strand.jpg\"><img loading=\"lazy\" decoding=\"async\" class=\"aligncenter size-medium wp-image-5597\" title=\"strand\" src=\"https:\/\/www.mourioche.de\/wpmourio\/wp-content\/uploads\/2013\/01\/strand-300x199.jpg\" alt=\"\" width=\"300\" height=\"199\" srcset=\"https:\/\/www.mourioche.de\/wpmourio\/wp-content\/uploads\/2013\/01\/strand-300x199.jpg 300w, https:\/\/www.mourioche.de\/wpmourio\/wp-content\/uploads\/2013\/01\/strand-150x99.jpg 150w, https:\/\/www.mourioche.de\/wpmourio\/wp-content\/uploads\/2013\/01\/strand-400x266.jpg 400w, https:\/\/www.mourioche.de\/wpmourio\/wp-content\/uploads\/2013\/01\/strand.jpg 800w\" sizes=\"auto, (max-width: 300px) 100vw, 300px\" \/><\/a><\/p>\n","protected":false},"excerpt":{"rendered":"<p>Einiges ist passiert in den letzten Wochen: Der Ultraschall hat gezeigt, dass Bletta Welpen erwartet &#8211; unser Ausflug nach \u00d6sterreich war also erfolgreich! Wir freuen uns auf Nachwuchs von Bletta de Kliandie x First Indy Black de Loubajac. \u00a0 Mitte Februar wird es soweit sein, eine Weile bleibt es also noch spannend. Noch ein Grund &hellip; <a href=\"https:\/\/www.mourioche.de\/?p=5596\" class=\"more-link\"><span class=\"screen-reader-text\">Dies und Das<\/span> weiterlesen <span class=\"meta-nav\">&rarr;<\/span><\/a><\/p>\n","protected":false},"author":2,"featured_media":0,"comment_status":"open","ping_status":"open","sticky":false,"template":"","format":"standard","meta":{"footnotes":""},"categories":[1],"tags":[],"class_list":["post-5596","post","type-post","status-publish","format-standard","hentry","category-allgemein"],"jetpack_featured_media_url":"","_links":{"self":[{"href":"https:\/\/www.mourioche.de\/index.php?rest_route=\/wp\/v2\/posts\/5596","targetHints":{"allow":["GET"]}}],"collection":[{"href":"https:\/\/www.mourioche.de\/index.php?rest_route=\/wp\/v2\/posts"}],"about":[{"href":"https:\/\/www.mourioche.de\/index.php?rest_route=\/wp\/v2\/types\/post"}],"author":[{"embeddable":true,"href":"https:\/\/www.mourioche.de\/index.php?rest_route=\/wp\/v2\/users\/2"}],"replies":[{"embeddable":true,"href":"https:\/\/www.mourioche.de\/index.php?rest_route=%2Fwp%2Fv2%2Fcomments&post=5596"}],"version-history":[{"count":0,"href":"https:\/\/www.mourioche.de\/index.php?rest_route=\/wp\/v2\/posts\/5596\/revisions"}],"wp:attachment":[{"href":"https:\/\/www.mourioche.de\/index.php?rest_route=%2Fwp%2Fv2%2Fmedia&parent=5596"}],"wp:term":[{"taxonomy":"category","embeddable":true,"href":"https:\/\/www.mourioche.de\/index.php?rest_route=%2Fwp%2Fv2%2Fcategories&post=5596"},{"taxonomy":"post_tag","embeddable":true,"href":"https:\/\/www.mourioche.de\/index.php?rest_route=%2Fwp%2Fv2%2Ftags&post=5596"}],"curies":[{"name":"wp","href":"https:\/\/api.w.org\/{rel}","templated":true}]}}