{"id":5937,"date":"2013-03-18T23:55:23","date_gmt":"2013-03-18T21:55:23","guid":{"rendered":"http:\/\/www.mourioche.de\/?p=5937"},"modified":"2013-03-18T23:55:23","modified_gmt":"2013-03-18T21:55:23","slug":"fotos-3","status":"publish","type":"post","link":"https:\/\/www.mourioche.de\/?p=5937","title":{"rendered":"Fotos"},"content":{"rendered":"<p style=\"text-align: center;\"><a href=\"https:\/\/www.mourioche.de\/wpmourio\/wp-content\/uploads\/2013\/03\/schlaf1.jpg\"><img loading=\"lazy\" decoding=\"async\" class=\"aligncenter size-medium wp-image-5938\" title=\"schlaf1\" src=\"https:\/\/www.mourioche.de\/wpmourio\/wp-content\/uploads\/2013\/03\/schlaf1-300x139.jpg\" alt=\"\" width=\"300\" height=\"139\" srcset=\"https:\/\/www.mourioche.de\/wpmourio\/wp-content\/uploads\/2013\/03\/schlaf1-300x139.jpg 300w, https:\/\/www.mourioche.de\/wpmourio\/wp-content\/uploads\/2013\/03\/schlaf1-150x69.jpg 150w, https:\/\/www.mourioche.de\/wpmourio\/wp-content\/uploads\/2013\/03\/schlaf1-400x186.jpg 400w, https:\/\/www.mourioche.de\/wpmourio\/wp-content\/uploads\/2013\/03\/schlaf1.jpg 800w\" sizes=\"auto, (max-width: 300px) 100vw, 300px\" \/><\/a><\/p>\n<p style=\"text-align: center;\">Wer glaubt, dass unsere E\u00b4s immer noch den ganzen Tag verschlafen, irrt sich gewaltig!<\/p>\n<p style=\"text-align: center;\">Fotos vom munteren Treiben gibt es <a href=\"https:\/\/www.mourioche.de\/?page_id=5888\">hier&#8230;\u00a0<\/a><\/p>\n<p>Und dann freuen wir uns \u00fcber den tollen Erfolg von unserer Lulu (Luthien du Val du Vent Dore):<\/p>\n<p>Sie wurde am 17.03.2013 bei der Regionalschau West des <a href=\"http:\/\/www.zuchtverein-berger-des-pyrenees.de\/\">Berger des Pyr\u00e9n\u00e9es Deutschland e.V.<\/a> (BDPD, VDH\/FCI) zur Besten der Rasse Berger des Pyr\u00e9n\u00e9es \u00e0 face rase (BOB) gek\u00fcrt! Herzlichen Dank an alle Verantwortlichen und Helfer f\u00fcr einen sehr sch\u00f6nen Tag in Essen-Karnap: Nicht nur f\u00fcr Sonnenschein und gutes Essen war gesorgt, auch der Vorabend in netter geselliger Runde machte Lust auf mehr. Wir freuen uns schon auf das n\u00e4chste Mal!<\/p>\n<p style=\"text-align: center;\"><a href=\"https:\/\/www.mourioche.de\/wpmourio\/wp-content\/uploads\/2013\/03\/lulu5.jpg\"><img loading=\"lazy\" decoding=\"async\" class=\"aligncenter size-medium wp-image-5939\" title=\"lulu5\" src=\"https:\/\/www.mourioche.de\/wpmourio\/wp-content\/uploads\/2013\/03\/lulu5-300x199.jpg\" alt=\"\" width=\"300\" height=\"199\" srcset=\"https:\/\/www.mourioche.de\/wpmourio\/wp-content\/uploads\/2013\/03\/lulu5-300x199.jpg 300w, https:\/\/www.mourioche.de\/wpmourio\/wp-content\/uploads\/2013\/03\/lulu5-150x99.jpg 150w, https:\/\/www.mourioche.de\/wpmourio\/wp-content\/uploads\/2013\/03\/lulu5-400x266.jpg 400w, https:\/\/www.mourioche.de\/wpmourio\/wp-content\/uploads\/2013\/03\/lulu5.jpg 800w\" sizes=\"auto, (max-width: 300px) 100vw, 300px\" \/><\/a>Lulu im Abendlicht<\/p>\n","protected":false},"excerpt":{"rendered":"<p>Wer glaubt, dass unsere E\u00b4s immer noch den ganzen Tag verschlafen, irrt sich gewaltig! Fotos vom munteren Treiben gibt es hier&#8230;\u00a0 Und dann freuen wir uns \u00fcber den tollen Erfolg von unserer Lulu (Luthien du Val du Vent Dore): Sie wurde am 17.03.2013 bei der Regionalschau West des Berger des Pyr\u00e9n\u00e9es Deutschland e.V. (BDPD, VDH\/FCI) &hellip; <a href=\"https:\/\/www.mourioche.de\/?p=5937\" class=\"more-link\"><span class=\"screen-reader-text\">Fotos<\/span> weiterlesen <span class=\"meta-nav\">&rarr;<\/span><\/a><\/p>\n","protected":false},"author":2,"featured_media":0,"comment_status":"open","ping_status":"open","sticky":false,"template":"","format":"standard","meta":{"footnotes":""},"categories":[1],"tags":[],"class_list":["post-5937","post","type-post","status-publish","format-standard","hentry","category-allgemein"],"jetpack_featured_media_url":"","_links":{"self":[{"href":"https:\/\/www.mourioche.de\/index.php?rest_route=\/wp\/v2\/posts\/5937","targetHints":{"allow":["GET"]}}],"collection":[{"href":"https:\/\/www.mourioche.de\/index.php?rest_route=\/wp\/v2\/posts"}],"about":[{"href":"https:\/\/www.mourioche.de\/index.php?rest_route=\/wp\/v2\/types\/post"}],"author":[{"embeddable":true,"href":"https:\/\/www.mourioche.de\/index.php?rest_route=\/wp\/v2\/users\/2"}],"replies":[{"embeddable":true,"href":"https:\/\/www.mourioche.de\/index.php?rest_route=%2Fwp%2Fv2%2Fcomments&post=5937"}],"version-history":[{"count":0,"href":"https:\/\/www.mourioche.de\/index.php?rest_route=\/wp\/v2\/posts\/5937\/revisions"}],"wp:attachment":[{"href":"https:\/\/www.mourioche.de\/index.php?rest_route=%2Fwp%2Fv2%2Fmedia&parent=5937"}],"wp:term":[{"taxonomy":"category","embeddable":true,"href":"https:\/\/www.mourioche.de\/index.php?rest_route=%2Fwp%2Fv2%2Fcategories&post=5937"},{"taxonomy":"post_tag","embeddable":true,"href":"https:\/\/www.mourioche.de\/index.php?rest_route=%2Fwp%2Fv2%2Ftags&post=5937"}],"curies":[{"name":"wp","href":"https:\/\/api.w.org\/{rel}","templated":true}]}}