{"id":6079,"date":"2013-03-30T22:54:51","date_gmt":"2013-03-30T20:54:51","guid":{"rendered":"http:\/\/www.mourioche.de\/?p=6079"},"modified":"2013-04-03T23:39:14","modified_gmt":"2013-04-03T21:39:14","slug":"zuchtbeschreibung-beim-berger-des-pyrenees-deutschland-e-v-bdpd","status":"publish","type":"post","link":"https:\/\/www.mourioche.de\/?p=6079","title":{"rendered":"Zuchtbeschreibung beim Berger des Pyr\u00e9n\u00e9es Deutschland e.V. (BdPD)"},"content":{"rendered":"<p>Am 23.03.2013 fand in Bielefeld eine Zuchtbeschreibung des <a href=\"http:\/\/www.zuchtverein-berger-des-pyrenees.de\/\">Berger des Pyr\u00e9n\u00e9es Deutschland e.V.<\/a> (BdPD) statt. Unter anderem wurden auch Anor (&#8222;Tamy&#8220;,) Babou und Celeborn (&#8222;Kju&#8220;) du Mourioche von ihren Besitzern vorgestellt. Alle drei R\u00fcden erhielten vom Zuchtrichter Herr Dr. Peper ausgezeichnete Beurteilungen. Besonders wurden bei den Mourioches die vorz\u00fcglichen Kopfproportionen, sowie Gr\u00f6\u00dfe, Substanz und Knochenst\u00e4rke hervorgehoben. Es war insgesamt ein unterhaltsamer und lehrreicher Nachmittag in angenehmer Stimmung. Besondere Freude bereitete es mir, die Beschreibungen von Tamy und Kju direkt mit zu erleben und die vorz\u00fcglichen Bewertungen und Kommentare des Zuchtrichters zu h\u00f6ren. (Babou war leider schon fertig, als ich ankam, schade&#8230;)<\/p>\n<p>Keiner der vorgestellten Hunde wies zuchtausschlie\u00dfende Fehler auf, so dass Herr Dr. Peper f\u00fcr alle einen positiven Abschluss finden konnte. Herzlichen Gl\u00fcckwunsch an die Z\u00fcchter und Besitzer!<\/p>\n<p>&nbsp;<\/p>\n<p style=\"text-align: center;\"><a href=\"https:\/\/www.mourioche.de\/wpmourio\/wp-content\/uploads\/2013\/03\/tamy1.jpg\"><img loading=\"lazy\" decoding=\"async\" class=\"aligncenter size-medium wp-image-6081\" title=\"tamy1\" src=\"https:\/\/www.mourioche.de\/wpmourio\/wp-content\/uploads\/2013\/03\/tamy1-300x225.jpg\" alt=\"\" width=\"300\" height=\"225\" srcset=\"https:\/\/www.mourioche.de\/wpmourio\/wp-content\/uploads\/2013\/03\/tamy1-300x225.jpg 300w, https:\/\/www.mourioche.de\/wpmourio\/wp-content\/uploads\/2013\/03\/tamy1-150x112.jpg 150w, https:\/\/www.mourioche.de\/wpmourio\/wp-content\/uploads\/2013\/03\/tamy1-400x300.jpg 400w, https:\/\/www.mourioche.de\/wpmourio\/wp-content\/uploads\/2013\/03\/tamy1.jpg 640w\" sizes=\"auto, (max-width: 300px) 100vw, 300px\" \/><\/a><\/p>\n<p style=\"text-align: center;\">\u00a0<a href=\"https:\/\/www.mourioche.de\/wpmourio\/wp-content\/uploads\/2013\/03\/tamy2.jpg\"><img loading=\"lazy\" decoding=\"async\" class=\"aligncenter size-medium wp-image-6082\" title=\"tamy2\" src=\"https:\/\/www.mourioche.de\/wpmourio\/wp-content\/uploads\/2013\/03\/tamy2-300x199.jpg\" alt=\"\" width=\"300\" height=\"199\" srcset=\"https:\/\/www.mourioche.de\/wpmourio\/wp-content\/uploads\/2013\/03\/tamy2-300x199.jpg 300w, https:\/\/www.mourioche.de\/wpmourio\/wp-content\/uploads\/2013\/03\/tamy2-150x99.jpg 150w, https:\/\/www.mourioche.de\/wpmourio\/wp-content\/uploads\/2013\/03\/tamy2-400x266.jpg 400w, https:\/\/www.mourioche.de\/wpmourio\/wp-content\/uploads\/2013\/03\/tamy2.jpg 800w\" sizes=\"auto, (max-width: 300px) 100vw, 300px\" \/><\/a><\/p>\n<p style=\"text-align: center;\">Anor du Mourioche &#8222;Tamy&#8220;<\/p>\n<p style=\"text-align: center;\">(Tour-Figeac vom Wunderhorn x Bletta de Kliandie)<\/p>\n<p style=\"text-align: center;\">\u00a0HD A<\/p>\n<p style=\"text-align: center;\">poil long\/gestromt<\/p>\n<p style=\"text-align: center;\">\u00a0Agility A1<\/p>\n<p style=\"text-align: center;\">zur Zucht zugelassen<\/p>\n<p style=\"text-align: center;\"><a href=\"https:\/\/www.mourioche.de\/wpmourio\/wp-content\/uploads\/2013\/03\/babou1.jpg\"><img loading=\"lazy\" decoding=\"async\" class=\"aligncenter size-medium wp-image-6080\" title=\"babou1\" src=\"https:\/\/www.mourioche.de\/wpmourio\/wp-content\/uploads\/2013\/03\/babou1-300x224.jpg\" alt=\"\" width=\"300\" height=\"224\" srcset=\"https:\/\/www.mourioche.de\/wpmourio\/wp-content\/uploads\/2013\/03\/babou1-300x224.jpg 300w, https:\/\/www.mourioche.de\/wpmourio\/wp-content\/uploads\/2013\/03\/babou1-150x112.jpg 150w, https:\/\/www.mourioche.de\/wpmourio\/wp-content\/uploads\/2013\/03\/babou1-400x299.jpg 400w, https:\/\/www.mourioche.de\/wpmourio\/wp-content\/uploads\/2013\/03\/babou1.jpg 800w\" sizes=\"auto, (max-width: 300px) 100vw, 300px\" \/><\/a>\u00a0Bombadil &#8222;Babou&#8220; du Mourioche<\/p>\n<p style=\"text-align: center;\">(Kresken vom Heidetal x Bletta de Kliandie)<\/p>\n<p style=\"text-align: center;\">HD A<\/p>\n<p style=\"text-align: center;\">poil long\/harlekin<\/p>\n<p style=\"text-align: center;\">Agility A3<\/p>\n<p style=\"text-align: center;\">zur Zucht zugelassen<\/p>\n<p>und dann gibt es nat\u00fcrlich <a href=\"https:\/\/www.mourioche.de\/?page_id=6048\">hier&#8230;<\/a> noch neue Fotos von unserem Quartett &#8211; dieses Mal tats\u00e4chlich bei Sonnenschein aufgenommen!<\/p>\n<p>&nbsp;<\/p>\n","protected":false},"excerpt":{"rendered":"<p>Am 23.03.2013 fand in Bielefeld eine Zuchtbeschreibung des Berger des Pyr\u00e9n\u00e9es Deutschland e.V. (BdPD) statt. Unter anderem wurden auch Anor (&#8222;Tamy&#8220;,) Babou und Celeborn (&#8222;Kju&#8220;) du Mourioche von ihren Besitzern vorgestellt. Alle drei R\u00fcden erhielten vom Zuchtrichter Herr Dr. Peper ausgezeichnete Beurteilungen. Besonders wurden bei den Mourioches die vorz\u00fcglichen Kopfproportionen, sowie Gr\u00f6\u00dfe, Substanz und Knochenst\u00e4rke &hellip; <a href=\"https:\/\/www.mourioche.de\/?p=6079\" class=\"more-link\"><span class=\"screen-reader-text\">Zuchtbeschreibung beim Berger des Pyr\u00e9n\u00e9es Deutschland e.V. (BdPD)<\/span> weiterlesen <span class=\"meta-nav\">&rarr;<\/span><\/a><\/p>\n","protected":false},"author":2,"featured_media":0,"comment_status":"open","ping_status":"open","sticky":false,"template":"","format":"standard","meta":{"footnotes":""},"categories":[1],"tags":[],"class_list":["post-6079","post","type-post","status-publish","format-standard","hentry","category-allgemein"],"jetpack_featured_media_url":"","_links":{"self":[{"href":"https:\/\/www.mourioche.de\/index.php?rest_route=\/wp\/v2\/posts\/6079","targetHints":{"allow":["GET"]}}],"collection":[{"href":"https:\/\/www.mourioche.de\/index.php?rest_route=\/wp\/v2\/posts"}],"about":[{"href":"https:\/\/www.mourioche.de\/index.php?rest_route=\/wp\/v2\/types\/post"}],"author":[{"embeddable":true,"href":"https:\/\/www.mourioche.de\/index.php?rest_route=\/wp\/v2\/users\/2"}],"replies":[{"embeddable":true,"href":"https:\/\/www.mourioche.de\/index.php?rest_route=%2Fwp%2Fv2%2Fcomments&post=6079"}],"version-history":[{"count":0,"href":"https:\/\/www.mourioche.de\/index.php?rest_route=\/wp\/v2\/posts\/6079\/revisions"}],"wp:attachment":[{"href":"https:\/\/www.mourioche.de\/index.php?rest_route=%2Fwp%2Fv2%2Fmedia&parent=6079"}],"wp:term":[{"taxonomy":"category","embeddable":true,"href":"https:\/\/www.mourioche.de\/index.php?rest_route=%2Fwp%2Fv2%2Fcategories&post=6079"},{"taxonomy":"post_tag","embeddable":true,"href":"https:\/\/www.mourioche.de\/index.php?rest_route=%2Fwp%2Fv2%2Ftags&post=6079"}],"curies":[{"name":"wp","href":"https:\/\/api.w.org\/{rel}","templated":true}]}}