{"id":6359,"date":"2013-07-31T20:45:04","date_gmt":"2013-07-31T18:45:04","guid":{"rendered":"http:\/\/www.mourioche.de\/?p=6359"},"modified":"2013-07-31T20:45:04","modified_gmt":"2013-07-31T18:45:04","slug":"agility-european-open-2013","status":"publish","type":"post","link":"https:\/\/www.mourioche.de\/?p=6359","title":{"rendered":"Agility European Open 2013"},"content":{"rendered":"<p>Vom 26.-28. Juli fand in Neeroeteren (Belgien) die diesj\u00e4hrige <a href=\"http:\/\/european-open-2013.jimdo.com\/\">Agility European Open<\/a> statt. Vor vielen Jahren als &#8222;private&#8220; Agilityveranstaltung gegr\u00fcndet, hat die EO mittlerweile den Charakter einer &#8222;zweiten&#8220; Weltmeisterschaft und findet seit einiger Zeit ebenfalls unter der Schirrmherrschaft der FCI statt. Im Gegensatz zur WM sind bei der EO aber auch Rassehunde ohne Pedigree und Mischlinge zugelassen. Je nach Land m\u00fcssen im Vorfeld unterschiedliche Qualifikationen errungen werden, in Deutschland z\u00e4hlt das Ergebnis der VDH Deutschen Meisterschaft (f\u00fcr die man sich nat\u00fcrlich auch vorher qualifiziert haben muss). &#8222;European Open&#8220; trifft es eigentlich nicht mehr so richtig, inzwischen sind dort Teilnehmer aus aller Welt vertreten. So geh\u00f6ren zum Beispiel Brasilien, die USA, Kanada und Japan ganz klar nicht zu Europa \ud83d\ude09<\/p>\n<p>Laut Veranstalter waren es in diesem Jahr fast 800 Teilnehmer, darunter auch mehrere Berger des Pyr\u00e9n\u00e9es und davon wiederum ein Mourioche! Klar dass ich mir dieses Event nicht entgehen lassen konnte und so verbrachte ich das Wochenende in Belgien. Und was soll ich sagen? Es war einfach fantastisch! Faszinierende L\u00e4ufe in allen Gr\u00f6\u00dfenklassen, wunderbare Gastgeber, &#8222;abwechslungsreiches&#8220; Wetter (von schwerem Gewitter bis strahlendem Sonnenschein war alles vertreten), einfach toll! Am Samstag brauchte ich noch etwas, um mich in die Organisation und die Startreihenfolge einzufinden, insgesamt fanden Wettk\u00e4mpfe auf vier Ringen gleichzeitig statt, so dass man nat\u00fcrlich nicht jeden Lauf sehen konnte. Die beiden Starts von Silvia Trkman und Le (Celebr\u00edan du Mourioche) habe ich mir nat\u00fcrlich nicht entgehen lassen, einen (Agility individual) konnte ich auch filmen:<br \/>\n<iframe loading=\"lazy\" src=\"http:\/\/www.youtube.com\/embed\/XHxYf-sb0WQ?feature=player_detailpage\" frameborder=\"0\" width=\"640\" height=\"360\"><\/iframe><\/p>\n<p>Am Sonntag wurde das slowenische Team, in dem Silvia mit Le startete, Vizemeister midi! Gewonnen hat das deutsche Team mit vier furiosen L\u00e4ufen, was umso bemerkenswerter war, als dass sie wegen eines fehlerhaften Richterentscheides (Peanut von Tobias W\u00fcst bekam eine Disqualifikation, weil der Richter f\u00e4lschlicherweise einen Slalomfehler gegeben hatte) gleich zweimal komplett fehlerfrei die Parcoure absolviert haben.<\/p>\n<p><a href=\"https:\/\/www.mourioche.de\/wpmourio\/wp-content\/uploads\/2013\/07\/2013-07-28-11.19.08.jpg\"><img loading=\"lazy\" decoding=\"async\" class=\"aligncenter size-medium wp-image-6360\" title=\"SAMSUNG\" src=\"https:\/\/www.mourioche.de\/wpmourio\/wp-content\/uploads\/2013\/07\/2013-07-28-11.19.08-300x225.jpg\" alt=\"\" width=\"300\" height=\"225\" srcset=\"https:\/\/www.mourioche.de\/wpmourio\/wp-content\/uploads\/2013\/07\/2013-07-28-11.19.08-300x225.jpg 300w, https:\/\/www.mourioche.de\/wpmourio\/wp-content\/uploads\/2013\/07\/2013-07-28-11.19.08-1024x768.jpg 1024w, https:\/\/www.mourioche.de\/wpmourio\/wp-content\/uploads\/2013\/07\/2013-07-28-11.19.08-150x112.jpg 150w, https:\/\/www.mourioche.de\/wpmourio\/wp-content\/uploads\/2013\/07\/2013-07-28-11.19.08-400x300.jpg 400w\" sizes=\"auto, (max-width: 300px) 100vw, 300px\" \/><\/a><\/p>\n<p style=\"text-align: center;\">\u00a0Geschwistertreffen: Eowyn &#8222;Phoebe&#8220; und Eala du Mourioche haben das Wochenende gemeinsam verbracht<a href=\"https:\/\/www.mourioche.de\/wpmourio\/wp-content\/uploads\/2013\/07\/2013-07-28-16.01.30.jpg\"><img loading=\"lazy\" decoding=\"async\" class=\"aligncenter size-medium wp-image-6362\" title=\"SAMSUNG\" src=\"https:\/\/www.mourioche.de\/wpmourio\/wp-content\/uploads\/2013\/07\/2013-07-28-16.01.30-300x225.jpg\" alt=\"\" width=\"300\" height=\"225\" srcset=\"https:\/\/www.mourioche.de\/wpmourio\/wp-content\/uploads\/2013\/07\/2013-07-28-16.01.30-300x225.jpg 300w, https:\/\/www.mourioche.de\/wpmourio\/wp-content\/uploads\/2013\/07\/2013-07-28-16.01.30-1024x768.jpg 1024w, https:\/\/www.mourioche.de\/wpmourio\/wp-content\/uploads\/2013\/07\/2013-07-28-16.01.30-150x112.jpg 150w, https:\/\/www.mourioche.de\/wpmourio\/wp-content\/uploads\/2013\/07\/2013-07-28-16.01.30-400x300.jpg 400w\" sizes=\"auto, (max-width: 300px) 100vw, 300px\" \/><\/a><\/p>\n<p style=\"text-align: center;\">Parourbegehung&#8230;<\/p>\n<p style=\"text-align: center;\">zum Gl\u00fcck fand die komplette Veranstaltung unter \u00a0Dach statt, Freitag und Samstag hat es zwischenzeitlich schwere Unwetter mit ausgiebigem Regen gegeben. Ein wenig schade war nur, dass die Halle am Sonntag zu wenig Platz f\u00fcr die Zuschauer bot.<\/p>\n<p style=\"text-align: center;\"><a href=\"https:\/\/www.mourioche.de\/wpmourio\/wp-content\/uploads\/2013\/07\/2013-07-28-19.03.54.jpg\"><img loading=\"lazy\" decoding=\"async\" class=\"aligncenter size-medium wp-image-6365\" title=\"SAMSUNG\" src=\"https:\/\/www.mourioche.de\/wpmourio\/wp-content\/uploads\/2013\/07\/2013-07-28-19.03.54-300x225.jpg\" alt=\"\" width=\"300\" height=\"225\" srcset=\"https:\/\/www.mourioche.de\/wpmourio\/wp-content\/uploads\/2013\/07\/2013-07-28-19.03.54-300x225.jpg 300w, https:\/\/www.mourioche.de\/wpmourio\/wp-content\/uploads\/2013\/07\/2013-07-28-19.03.54-1024x768.jpg 1024w, https:\/\/www.mourioche.de\/wpmourio\/wp-content\/uploads\/2013\/07\/2013-07-28-19.03.54-150x112.jpg 150w, https:\/\/www.mourioche.de\/wpmourio\/wp-content\/uploads\/2013\/07\/2013-07-28-19.03.54-400x300.jpg 400w\" sizes=\"auto, (max-width: 300px) 100vw, 300px\" \/><\/a>\u00a0sogar einen Spezial-Campingplatz f\u00fcr Berger-Fans gab es \ud83d\ude09 (&#8222;Fan&#8220; wird in Belgien wohl nur etwas anders geschrieben&#8230;)<\/p>\n<p style=\"text-align: left;\">Nach der EO ist vor der EO und so bereiten sich Minna und Ruu (Coir\u00eb du Mourioche) schon auf das n\u00e4chste Jahr vor. In diesem Jahr haben sie die Qualifikation nur knapp verpasst&#8230;<\/p>\n<p><iframe loading=\"lazy\" src=\"http:\/\/www.youtube.com\/embed\/E_1swEj10EI?feature=player_detailpage\" frameborder=\"0\" width=\"640\" height=\"360\"><\/iframe><\/p>\n<p>(ja, es ist tats\u00e4chlich ein Berger &#8211; so sieht er geschoren aus \ud83d\ude09 )<\/p>\n","protected":false},"excerpt":{"rendered":"<p>Vom 26.-28. Juli fand in Neeroeteren (Belgien) die diesj\u00e4hrige Agility European Open statt. Vor vielen Jahren als &#8222;private&#8220; Agilityveranstaltung gegr\u00fcndet, hat die EO mittlerweile den Charakter einer &#8222;zweiten&#8220; Weltmeisterschaft und findet seit einiger Zeit ebenfalls unter der Schirrmherrschaft der FCI statt. Im Gegensatz zur WM sind bei der EO aber auch Rassehunde ohne Pedigree und &hellip; <a href=\"https:\/\/www.mourioche.de\/?p=6359\" class=\"more-link\"><span class=\"screen-reader-text\">Agility European Open 2013<\/span> weiterlesen <span class=\"meta-nav\">&rarr;<\/span><\/a><\/p>\n","protected":false},"author":2,"featured_media":0,"comment_status":"open","ping_status":"open","sticky":false,"template":"","format":"standard","meta":{"footnotes":""},"categories":[1],"tags":[],"class_list":["post-6359","post","type-post","status-publish","format-standard","hentry","category-allgemein"],"jetpack_featured_media_url":"","_links":{"self":[{"href":"https:\/\/www.mourioche.de\/index.php?rest_route=\/wp\/v2\/posts\/6359","targetHints":{"allow":["GET"]}}],"collection":[{"href":"https:\/\/www.mourioche.de\/index.php?rest_route=\/wp\/v2\/posts"}],"about":[{"href":"https:\/\/www.mourioche.de\/index.php?rest_route=\/wp\/v2\/types\/post"}],"author":[{"embeddable":true,"href":"https:\/\/www.mourioche.de\/index.php?rest_route=\/wp\/v2\/users\/2"}],"replies":[{"embeddable":true,"href":"https:\/\/www.mourioche.de\/index.php?rest_route=%2Fwp%2Fv2%2Fcomments&post=6359"}],"version-history":[{"count":6,"href":"https:\/\/www.mourioche.de\/index.php?rest_route=\/wp\/v2\/posts\/6359\/revisions"}],"predecessor-version":[{"id":6368,"href":"https:\/\/www.mourioche.de\/index.php?rest_route=\/wp\/v2\/posts\/6359\/revisions\/6368"}],"wp:attachment":[{"href":"https:\/\/www.mourioche.de\/index.php?rest_route=%2Fwp%2Fv2%2Fmedia&parent=6359"}],"wp:term":[{"taxonomy":"category","embeddable":true,"href":"https:\/\/www.mourioche.de\/index.php?rest_route=%2Fwp%2Fv2%2Fcategories&post=6359"},{"taxonomy":"post_tag","embeddable":true,"href":"https:\/\/www.mourioche.de\/index.php?rest_route=%2Fwp%2Fv2%2Ftags&post=6359"}],"curies":[{"name":"wp","href":"https:\/\/api.w.org\/{rel}","templated":true}]}}