{"id":6636,"date":"2013-09-30T20:25:16","date_gmt":"2013-09-30T18:25:16","guid":{"rendered":"http:\/\/www.mourioche.de\/?p=6636"},"modified":"2013-09-30T20:25:17","modified_gmt":"2013-09-30T18:25:17","slug":"augen-blicke","status":"publish","type":"post","link":"https:\/\/www.mourioche.de\/?p=6636","title":{"rendered":"Augen-Blicke"},"content":{"rendered":"<p>Am Sonntag fand in Ronneburg die Jahressieger Zuchtschau des Berger des Pyr\u00e9n\u00e9es Deutschland e.V. statt. Drei Mourioches nahmen teil und erzielten tolle Ergebnisse:<\/p>\n<p>Herzlichen Gl\u00fcckwunsch an Katrin mit Tamy (Anor du Mourioche) zum V2 in der offenen Klasse R\u00fcden, Stephan mit Kju (Celeborn du Mourioche) zum SG2 in der offenen Klasse R\u00fcden Face Rase und Josef mit Elrond du Mourioche zum vielversprechend in der R\u00fcden J\u00fcngstenklasse!<\/p>\n<p>Alle drei erhielten vom Richter Jacky Dillies (F) super Beurteilungen &#8211; eine weitere Ausstellung, auf der Mourioches erfolgreich abschnitten! Vielen Dank an die Besitzer, dass sie ihre Hunde pr\u00e4sentiert haben und an die Zuchtschauleitung, die die Ausstellung organisiert und durchgef\u00fchrt hat.<\/p>\n<p>Hier zu Hause hat sich unterdessen auch viel getan. Wer mehr dar\u00fcber wissen m\u00f6chte, kann <a href=\"https:\/\/www.mourioche.de\/?page_id=6588\">hier&#8230;<\/a> nachlesen.<\/p>\n<p style=\"text-align: center;\"><a href=\"https:\/\/www.mourioche.de\/wpmourio\/wp-content\/uploads\/2013\/09\/fara2.jpg\"><img loading=\"lazy\" decoding=\"async\" class=\"aligncenter size-medium wp-image-6637\" title=\"fara2\" src=\"https:\/\/www.mourioche.de\/wpmourio\/wp-content\/uploads\/2013\/09\/fara2-300x226.jpg\" alt=\"\" width=\"300\" height=\"226\" srcset=\"https:\/\/www.mourioche.de\/wpmourio\/wp-content\/uploads\/2013\/09\/fara2-300x226.jpg 300w, https:\/\/www.mourioche.de\/wpmourio\/wp-content\/uploads\/2013\/09\/fara2-150x113.jpg 150w, https:\/\/www.mourioche.de\/wpmourio\/wp-content\/uploads\/2013\/09\/fara2-400x302.jpg 400w, https:\/\/www.mourioche.de\/wpmourio\/wp-content\/uploads\/2013\/09\/fara2.jpg 800w\" sizes=\"auto, (max-width: 300px) 100vw, 300px\" \/><\/a>Faramir du Mourioche<\/p>\n","protected":false},"excerpt":{"rendered":"<p>Am Sonntag fand in Ronneburg die Jahressieger Zuchtschau des Berger des Pyr\u00e9n\u00e9es Deutschland e.V. statt. Drei Mourioches nahmen teil und erzielten tolle Ergebnisse: Herzlichen Gl\u00fcckwunsch an Katrin mit Tamy (Anor du Mourioche) zum V2 in der offenen Klasse R\u00fcden, Stephan mit Kju (Celeborn du Mourioche) zum SG2 in der offenen Klasse R\u00fcden Face Rase und &hellip; <a href=\"https:\/\/www.mourioche.de\/?p=6636\" class=\"more-link\"><span class=\"screen-reader-text\">Augen-Blicke<\/span> weiterlesen <span class=\"meta-nav\">&rarr;<\/span><\/a><\/p>\n","protected":false},"author":2,"featured_media":0,"comment_status":"open","ping_status":"open","sticky":false,"template":"","format":"standard","meta":{"footnotes":""},"categories":[1],"tags":[],"class_list":["post-6636","post","type-post","status-publish","format-standard","hentry","category-allgemein"],"jetpack_featured_media_url":"","_links":{"self":[{"href":"https:\/\/www.mourioche.de\/index.php?rest_route=\/wp\/v2\/posts\/6636","targetHints":{"allow":["GET"]}}],"collection":[{"href":"https:\/\/www.mourioche.de\/index.php?rest_route=\/wp\/v2\/posts"}],"about":[{"href":"https:\/\/www.mourioche.de\/index.php?rest_route=\/wp\/v2\/types\/post"}],"author":[{"embeddable":true,"href":"https:\/\/www.mourioche.de\/index.php?rest_route=\/wp\/v2\/users\/2"}],"replies":[{"embeddable":true,"href":"https:\/\/www.mourioche.de\/index.php?rest_route=%2Fwp%2Fv2%2Fcomments&post=6636"}],"version-history":[{"count":3,"href":"https:\/\/www.mourioche.de\/index.php?rest_route=\/wp\/v2\/posts\/6636\/revisions"}],"predecessor-version":[{"id":6640,"href":"https:\/\/www.mourioche.de\/index.php?rest_route=\/wp\/v2\/posts\/6636\/revisions\/6640"}],"wp:attachment":[{"href":"https:\/\/www.mourioche.de\/index.php?rest_route=%2Fwp%2Fv2%2Fmedia&parent=6636"}],"wp:term":[{"taxonomy":"category","embeddable":true,"href":"https:\/\/www.mourioche.de\/index.php?rest_route=%2Fwp%2Fv2%2Fcategories&post=6636"},{"taxonomy":"post_tag","embeddable":true,"href":"https:\/\/www.mourioche.de\/index.php?rest_route=%2Fwp%2Fv2%2Ftags&post=6636"}],"curies":[{"name":"wp","href":"https:\/\/api.w.org\/{rel}","templated":true}]}}