{"id":7173,"date":"2014-06-09T19:01:43","date_gmt":"2014-06-09T17:01:43","guid":{"rendered":"http:\/\/www.mourioche.de\/?p=7173"},"modified":"2014-06-09T20:49:16","modified_gmt":"2014-06-09T18:49:16","slug":"vielseitig","status":"publish","type":"post","link":"https:\/\/www.mourioche.de\/?p=7173","title":{"rendered":"Vielseitig"},"content":{"rendered":"<p>Die Mourioches waren wieder vielseitig und erfolgreich unterwegs! Herzlichen Gl\u00fcckwunsch an Kristina und ihren Faramir du Mourioche &#8222;Mio&#8220;, der in seiner neuen Heimat Estland bei der Spezialausstellung f\u00fcr franz\u00f6sische H\u00fcte- und Herdenschutzhunde nicht nur zum besten Welpen der Rasse Berger des Pyr\u00e9n\u00e9es, sondern sogar zum besten Welpen der ganzen Show ernannt wurde!<\/p>\n<p style=\"text-align: center;\"><a href=\"https:\/\/www.mourioche.de\/wpmourio\/wp-content\/uploads\/2014\/06\/10425796_719217121455121_239193166_n.jpg\"><img loading=\"lazy\" decoding=\"async\" class=\"aligncenter size-medium wp-image-7174\" title=\"10425796_719217121455121_239193166_n\" src=\"https:\/\/www.mourioche.de\/wpmourio\/wp-content\/uploads\/2014\/06\/10425796_719217121455121_239193166_n-300x199.jpg\" alt=\"\" width=\"300\" height=\"199\" srcset=\"https:\/\/www.mourioche.de\/wpmourio\/wp-content\/uploads\/2014\/06\/10425796_719217121455121_239193166_n-300x199.jpg 300w, https:\/\/www.mourioche.de\/wpmourio\/wp-content\/uploads\/2014\/06\/10425796_719217121455121_239193166_n-150x99.jpg 150w, https:\/\/www.mourioche.de\/wpmourio\/wp-content\/uploads\/2014\/06\/10425796_719217121455121_239193166_n-400x266.jpg 400w, https:\/\/www.mourioche.de\/wpmourio\/wp-content\/uploads\/2014\/06\/10425796_719217121455121_239193166_n.jpg 655w\" sizes=\"auto, (max-width: 300px) 100vw, 300px\" \/><\/a>\u00a0perfekte Pr\u00e4sentation&#8230;<\/p>\n<p style=\"text-align: center;\"><a href=\"https:\/\/www.mourioche.de\/wpmourio\/wp-content\/uploads\/2014\/06\/10428681_718740288169471_559997195835376300_n.jpg\"><img loading=\"lazy\" decoding=\"async\" class=\"aligncenter size-medium wp-image-7175\" title=\"10428681_718740288169471_559997195835376300_n\" src=\"https:\/\/www.mourioche.de\/wpmourio\/wp-content\/uploads\/2014\/06\/10428681_718740288169471_559997195835376300_n-300x200.jpg\" alt=\"\" width=\"300\" height=\"200\" srcset=\"https:\/\/www.mourioche.de\/wpmourio\/wp-content\/uploads\/2014\/06\/10428681_718740288169471_559997195835376300_n-300x200.jpg 300w, https:\/\/www.mourioche.de\/wpmourio\/wp-content\/uploads\/2014\/06\/10428681_718740288169471_559997195835376300_n-150x100.jpg 150w, https:\/\/www.mourioche.de\/wpmourio\/wp-content\/uploads\/2014\/06\/10428681_718740288169471_559997195835376300_n-400x266.jpg 400w, https:\/\/www.mourioche.de\/wpmourio\/wp-content\/uploads\/2014\/06\/10428681_718740288169471_559997195835376300_n.jpg 720w\" sizes=\"auto, (max-width: 300px) 100vw, 300px\" \/><\/a>\u00a0&#8230;und eine stolze Besitzerin<\/p>\n<p>Eala du Mourioche und Mon Gentil Ami besuchten am gleichen Wochenende die Ausstellung des holl\u00e4ndischen Zuchtvereins f\u00fcr Berger des Pyr\u00e9n\u00e9es. Jule erhielt in der Jugendklasse eine sehr gute Bewertung und Eala bekam in der Zwischenklasse das SG1, beide mit sehr vielversprechenden Beurteilungen des Richters. Fotos von dieser Ausstellung habe ich leider nicht.<\/p>\n<p>Damit nicht genug: Ebenfalls an diesem Wochenende gelang Dr\u00fa du Mourioche &#8222;Dudu&#8220; der Aufstieg in die A2! Herzlichen Gl\u00fcckwunsch an seine Besitzerin f\u00fcr diese ganz besondere Leistung!<\/p>\n<p>Gestern war dann in Hamburg anl\u00e4sslich eines Turnieres Familientreffen angesagt. Brandagambar du Mourioche &#8222;Das Da&#8220; durfte zum ersten Mal seit dem Auszug im Alter von 8 Wochen ihre Tochter Fili du Mourioche &#8222;JJ&#8220; wieder sehen. W\u00e4hrend Bletta immer sehr darauf bedacht ist, ihren Nachkommen bei jedem Treffen deutlich zu erkl\u00e4ren, dass man seiner Mutter gef\u00e4lligst gehorchen muss, hielt sich Das Da\u00b4s Interesse eher in Grenzen. Die Begr\u00fc\u00dfung fiel durchaus freundlich aus, dann war es aber auch gut. Ob sie wohl Angst hatte, wir nehmen das &#8222;Kind&#8220; wieder mit nach Hause??? \ud83d\ude09<\/p>\n<p>Ebenfalls dort waren Celeborn &#8222;Kju&#8220; und Cirion &#8222;Sammy&#8220; du Mourioche. Sammy \u00e4hnelt seinem Vater Fin von der Labbecker Schweiz mit jedem Jahr mehr, die beiden w\u00fcrde ich gerne mal nebeneinander sehen! Das geplante Familienfoto musste leider buchst\u00e4blich ins Wasser fallen, da p\u00fcnktlich zum Turnierende ein schweres Unwetter aufkam. Schade, ich hatte mich so sehr auf das &#8222;Drei-Generationen-Foto&#8220; gefreut&#8230; Immerhin habe ich aber von Sammys und Kjus Agility-L\u00e4ufen Videos (JJ ist ja bis jetzt nur Zuschauer und unterst\u00fctzt Frauchen bei dem Verkauf ihrer <a href=\"http:\/\/www.xenas-dogshop.de\/\">leckeren Kauartikel f\u00fcr Hunde<\/a>). Beide sind zwar genau wie ihre Mutter Bletta disqualifiziert worden, da der Richter die kreative Parcourgestaltung irgendwie nicht so recht zu w\u00fcrdigen wusste, aber Spa\u00df hatten wir alle trotzdem!<br \/>\n<iframe loading=\"lazy\" src=\"\/\/www.youtube.com\/embed\/eDSyEe9Qs8o?feature=player_detailpage\" frameborder=\"0\" width=\"640\" height=\"360\"><\/iframe><\/p>\n<p><iframe loading=\"lazy\" src=\"\/\/www.youtube.com\/embed\/L2ljQIJ1X1I?feature=player_detailpage\" frameborder=\"0\" width=\"640\" height=\"360\"><\/iframe><\/p>\n<p>Elenya du Mourioche &#8222;Yanu&#8220; hat aber an diesem Wochenende die Familienehre gerettet und in Belgien die A1 gewonnen. Herzlichen Gl\u00fcckwunsch! Ein vielversprechender Start in die Agility Laufbahn!<\/p>\n","protected":false},"excerpt":{"rendered":"<p>Die Mourioches waren wieder vielseitig und erfolgreich unterwegs! Herzlichen Gl\u00fcckwunsch an Kristina und ihren Faramir du Mourioche &#8222;Mio&#8220;, der in seiner neuen Heimat Estland bei der Spezialausstellung f\u00fcr franz\u00f6sische H\u00fcte- und Herdenschutzhunde nicht nur zum besten Welpen der Rasse Berger des Pyr\u00e9n\u00e9es, sondern sogar zum besten Welpen der ganzen Show ernannt wurde! \u00a0perfekte Pr\u00e4sentation&#8230; \u00a0&#8230;und &hellip; <a href=\"https:\/\/www.mourioche.de\/?p=7173\" class=\"more-link\"><span class=\"screen-reader-text\">Vielseitig<\/span> weiterlesen <span class=\"meta-nav\">&rarr;<\/span><\/a><\/p>\n","protected":false},"author":2,"featured_media":0,"comment_status":"open","ping_status":"open","sticky":false,"template":"","format":"standard","meta":{"footnotes":""},"categories":[1],"tags":[],"class_list":["post-7173","post","type-post","status-publish","format-standard","hentry","category-allgemein"],"jetpack_featured_media_url":"","_links":{"self":[{"href":"https:\/\/www.mourioche.de\/index.php?rest_route=\/wp\/v2\/posts\/7173","targetHints":{"allow":["GET"]}}],"collection":[{"href":"https:\/\/www.mourioche.de\/index.php?rest_route=\/wp\/v2\/posts"}],"about":[{"href":"https:\/\/www.mourioche.de\/index.php?rest_route=\/wp\/v2\/types\/post"}],"author":[{"embeddable":true,"href":"https:\/\/www.mourioche.de\/index.php?rest_route=\/wp\/v2\/users\/2"}],"replies":[{"embeddable":true,"href":"https:\/\/www.mourioche.de\/index.php?rest_route=%2Fwp%2Fv2%2Fcomments&post=7173"}],"version-history":[{"count":5,"href":"https:\/\/www.mourioche.de\/index.php?rest_route=\/wp\/v2\/posts\/7173\/revisions"}],"predecessor-version":[{"id":7179,"href":"https:\/\/www.mourioche.de\/index.php?rest_route=\/wp\/v2\/posts\/7173\/revisions\/7179"}],"wp:attachment":[{"href":"https:\/\/www.mourioche.de\/index.php?rest_route=%2Fwp%2Fv2%2Fmedia&parent=7173"}],"wp:term":[{"taxonomy":"category","embeddable":true,"href":"https:\/\/www.mourioche.de\/index.php?rest_route=%2Fwp%2Fv2%2Fcategories&post=7173"},{"taxonomy":"post_tag","embeddable":true,"href":"https:\/\/www.mourioche.de\/index.php?rest_route=%2Fwp%2Fv2%2Ftags&post=7173"}],"curies":[{"name":"wp","href":"https:\/\/api.w.org\/{rel}","templated":true}]}}