{"id":8119,"date":"2015-05-04T22:12:09","date_gmt":"2015-05-04T20:12:09","guid":{"rendered":"http:\/\/www.mourioche.de\/?p=8119"},"modified":"2015-05-04T22:12:09","modified_gmt":"2015-05-04T20:12:09","slug":"regional-zuchtschau-west-des-berger-des-pyrenees-deutschland-e-v","status":"publish","type":"post","link":"https:\/\/www.mourioche.de\/?p=8119","title":{"rendered":"Regional Zuchtschau West des Berger des Pyr\u00e9n\u00e9es Deutschland e.V."},"content":{"rendered":"<p>Bei der Regional Zuchtschau West des BDPD, die am 03.05.2015 in Weeze stattfand, wurde Eala du Mourioche mit vorz\u00fcglich (Platz 2) bewertet. Luthien du Val du Vent Dore \u00a0wurde von der Richterin Frau Gro\u00dfpietsch als Face Rase beurteilt und erhielt ebenfalls ein vorz\u00fcglich (Platz 1, beste H\u00fcndin der Rasse). Elrond du Mourioche bekam eine vorz\u00fcgliche Beurteilung Platz 3.<\/p>\n<p>Auch unsere Enkel waren erfolgreich: Chagall von den Wurzelzwergen (Anor du Mourioche &#8222;Tamy&#8220; x Phoebe von der Happy Horse Farm) erhielt ein vorz\u00fcglich, Platz 1, sein Bruder erreichte mit einem vorz\u00fcglich Platz zwei. Cosima von den Wurzelzwergen, die Schwester dieser beiden R\u00fcden, kam mit einem vorz\u00fcglich auf Platz vier. BamBam Bajou von den Wurzelzwergen (Bombadil Babou du Mourioche x Bijou vom Tenderingsee) schaffte es mit einem vorz\u00fcglich auf den dritten Platz.<\/p>\n<p>Ich freue mich sehr \u00fcber diese tollen Ergebnisse und gratuliere allen Besitzern und Z\u00fcchtern!<\/p>\n<p style=\"text-align: center;\"><a href=\"https:\/\/www.mourioche.de\/wpmourio\/wp-content\/uploads\/2015\/05\/eala1.jpg\"><img loading=\"lazy\" decoding=\"async\" class=\"alignnone size-medium wp-image-8120\" src=\"https:\/\/www.mourioche.de\/wpmourio\/wp-content\/uploads\/2015\/05\/eala1-200x300.jpg\" alt=\"eala1\" width=\"200\" height=\"300\" srcset=\"https:\/\/www.mourioche.de\/wpmourio\/wp-content\/uploads\/2015\/05\/eala1-200x300.jpg 200w, https:\/\/www.mourioche.de\/wpmourio\/wp-content\/uploads\/2015\/05\/eala1-682x1024.jpg 682w, https:\/\/www.mourioche.de\/wpmourio\/wp-content\/uploads\/2015\/05\/eala1-100x150.jpg 100w, https:\/\/www.mourioche.de\/wpmourio\/wp-content\/uploads\/2015\/05\/eala1-400x600.jpg 400w, https:\/\/www.mourioche.de\/wpmourio\/wp-content\/uploads\/2015\/05\/eala1.jpg 800w\" sizes=\"auto, (max-width: 200px) 100vw, 200px\" \/><\/a><\/p>\n<p style=\"text-align: center;\">Eala du Mourioche<\/p>\n<p style=\"text-align: center;\"><a href=\"https:\/\/www.mourioche.de\/wpmourio\/wp-content\/uploads\/2015\/05\/lulu1.jpg\"><img loading=\"lazy\" decoding=\"async\" class=\"alignnone size-medium wp-image-8121\" src=\"https:\/\/www.mourioche.de\/wpmourio\/wp-content\/uploads\/2015\/05\/lulu1-221x300.jpg\" alt=\"lulu1\" width=\"221\" height=\"300\" srcset=\"https:\/\/www.mourioche.de\/wpmourio\/wp-content\/uploads\/2015\/05\/lulu1-221x300.jpg 221w, https:\/\/www.mourioche.de\/wpmourio\/wp-content\/uploads\/2015\/05\/lulu1-755x1024.jpg 755w, https:\/\/www.mourioche.de\/wpmourio\/wp-content\/uploads\/2015\/05\/lulu1-110x150.jpg 110w, https:\/\/www.mourioche.de\/wpmourio\/wp-content\/uploads\/2015\/05\/lulu1-400x542.jpg 400w, https:\/\/www.mourioche.de\/wpmourio\/wp-content\/uploads\/2015\/05\/lulu1.jpg 800w\" sizes=\"auto, (max-width: 221px) 100vw, 221px\" \/><\/a><\/p>\n<p style=\"text-align: center;\">Luthien du Val du Vent Dore &#8222;Lulu&#8220;<\/p>\n<p style=\"text-align: left;\">Heute standen die H\u00b4s wieder im Vordergrund: Besuch war angesagt! Mehr Bilder davon finden Sie <a href=\"https:\/\/www.mourioche.de\/?page_id=8083\">hier&#8230;<\/a><\/p>\n<p style=\"text-align: center;\"><a href=\"https:\/\/www.mourioche.de\/wpmourio\/wp-content\/uploads\/2015\/05\/finja9.jpg\"><img loading=\"lazy\" decoding=\"async\" class=\"alignnone size-medium wp-image-8092\" src=\"https:\/\/www.mourioche.de\/wpmourio\/wp-content\/uploads\/2015\/05\/finja9-207x300.jpg\" alt=\"finja9\" width=\"207\" height=\"300\" srcset=\"https:\/\/www.mourioche.de\/wpmourio\/wp-content\/uploads\/2015\/05\/finja9-207x300.jpg 207w, https:\/\/www.mourioche.de\/wpmourio\/wp-content\/uploads\/2015\/05\/finja9-709x1024.jpg 709w, https:\/\/www.mourioche.de\/wpmourio\/wp-content\/uploads\/2015\/05\/finja9-103x150.jpg 103w, https:\/\/www.mourioche.de\/wpmourio\/wp-content\/uploads\/2015\/05\/finja9-400x577.jpg 400w, https:\/\/www.mourioche.de\/wpmourio\/wp-content\/uploads\/2015\/05\/finja9.jpg 800w\" sizes=\"auto, (max-width: 207px) 100vw, 207px\" \/><\/a><\/p>\n<p style=\"text-align: center;\">\n","protected":false},"excerpt":{"rendered":"<p>Bei der Regional Zuchtschau West des BDPD, die am 03.05.2015 in Weeze stattfand, wurde Eala du Mourioche mit vorz\u00fcglich (Platz 2) bewertet. Luthien du Val du Vent Dore \u00a0wurde von der Richterin Frau Gro\u00dfpietsch als Face Rase beurteilt und erhielt ebenfalls ein vorz\u00fcglich (Platz 1, beste H\u00fcndin der Rasse). Elrond du Mourioche bekam eine vorz\u00fcgliche &hellip; <a href=\"https:\/\/www.mourioche.de\/?p=8119\" class=\"more-link\"><span class=\"screen-reader-text\">Regional Zuchtschau West des Berger des Pyr\u00e9n\u00e9es Deutschland e.V.<\/span> weiterlesen <span class=\"meta-nav\">&rarr;<\/span><\/a><\/p>\n","protected":false},"author":2,"featured_media":0,"comment_status":"open","ping_status":"open","sticky":false,"template":"","format":"standard","meta":{"footnotes":""},"categories":[1],"tags":[],"class_list":["post-8119","post","type-post","status-publish","format-standard","hentry","category-allgemein"],"jetpack_featured_media_url":"","_links":{"self":[{"href":"https:\/\/www.mourioche.de\/index.php?rest_route=\/wp\/v2\/posts\/8119","targetHints":{"allow":["GET"]}}],"collection":[{"href":"https:\/\/www.mourioche.de\/index.php?rest_route=\/wp\/v2\/posts"}],"about":[{"href":"https:\/\/www.mourioche.de\/index.php?rest_route=\/wp\/v2\/types\/post"}],"author":[{"embeddable":true,"href":"https:\/\/www.mourioche.de\/index.php?rest_route=\/wp\/v2\/users\/2"}],"replies":[{"embeddable":true,"href":"https:\/\/www.mourioche.de\/index.php?rest_route=%2Fwp%2Fv2%2Fcomments&post=8119"}],"version-history":[{"count":1,"href":"https:\/\/www.mourioche.de\/index.php?rest_route=\/wp\/v2\/posts\/8119\/revisions"}],"predecessor-version":[{"id":8122,"href":"https:\/\/www.mourioche.de\/index.php?rest_route=\/wp\/v2\/posts\/8119\/revisions\/8122"}],"wp:attachment":[{"href":"https:\/\/www.mourioche.de\/index.php?rest_route=%2Fwp%2Fv2%2Fmedia&parent=8119"}],"wp:term":[{"taxonomy":"category","embeddable":true,"href":"https:\/\/www.mourioche.de\/index.php?rest_route=%2Fwp%2Fv2%2Fcategories&post=8119"},{"taxonomy":"post_tag","embeddable":true,"href":"https:\/\/www.mourioche.de\/index.php?rest_route=%2Fwp%2Fv2%2Ftags&post=8119"}],"curies":[{"name":"wp","href":"https:\/\/api.w.org\/{rel}","templated":true}]}}